{"id":217,"date":"2022-02-19T15:09:33","date_gmt":"2022-02-19T19:09:33","guid":{"rendered":"https:\/\/quemcuidadocuidador.com.br\/?p=217"},"modified":"2022-02-19T15:09:35","modified_gmt":"2022-02-19T19:09:35","slug":"o-que-e-impossivel-para-voce","status":"publish","type":"post","link":"https:\/\/quemcuidadocuidador.com.br\/index.php\/2022\/02\/19\/o-que-e-impossivel-para-voce\/","title":{"rendered":"O que \u00e9 imposs\u00edvel para voc\u00ea"},"content":{"rendered":"\n<p>Esse \u00e9 o t\u00edtulo do livro do escritor Marcos Rossi, O que \u00e9 imposs\u00edvel para voc\u00ea?&nbsp; \u00c0s vezes acreditamos que quase tudo na nossa vida \u00e9 imposs\u00edvel. Queremos tantas coisas e muitas vezes nos deixamos ser paralisados pelo medo. Esquecemos de entrar em a\u00e7\u00e3o, dar o primeiro passo. Ou como diz o autor. J\u00e1 tenho o n\u00e3o, preciso buscar o sim e manter o prop\u00f3sito de que tudo \u00e9 poss\u00edvel.<\/p>\n\n\n\n<p>Ele conta sua hist\u00f3ria de vida cheia de percal\u00e7os e realiza\u00e7\u00f5es e uma coragem imbat\u00edvel para viver a vida. Essa coragem que \u00e0s vezes nos falta para romper um relacionamento t\u00f3xico, sair de um emprego que nos deixa infeliz, ou experimentar algo novo que nos traga felicidade.<\/p>\n\n\n\n<p>Ele tamb\u00e9m nos d\u00e1 uma grande li\u00e7\u00e3o de f\u00e9, por acreditar nas pessoas e sempre esperar pelo melhor delas. Claro que ele, assim como n\u00f3s, passou por decep\u00e7\u00f5es e muitas dificuldades, para realizar coisas m\u00ednimas como ir ao banheiro, ou se alimentar. E, quem n\u00e3o passa. Mas o incr\u00edvel, \u00e9 sua capacidade de se reinventar e estar sempre contornando os obst\u00e1culos que surgem pelo caminho.<\/p>\n\n\n\n<p>Sua m\u00e3e e seu pai foram incr\u00edveis no sentido de nunca terem criado limita\u00e7\u00f5es em sua vida, ter lutado para encontrar uma escola que o aceitasse&nbsp; e principalmente a coragem de fazer tudo o que fosse poss\u00edvel para melhorar sua qualidade de vida como: Uma cirurgia para colocar uma haste de a\u00e7o, na sua coluna, cirurgia essa que tinha 10% de chance de dar certo. Isso \u00e9 ter f\u00e9. E apoi\u00e1-lo, mesmo nas aventuras totalmente loucas, que n\u00f3s enquanto pais talvez n\u00e3o temos coragem, de deixar nossos filhos experimentarem.<\/p>\n\n\n\n<p>Marcos Rossi \u00e9 incr\u00edvel, o conheci em uma palestra em 2018, em S\u00e3o Paulo.&nbsp; Ao voltar para casa, percebi que tinha mais esperan\u00e7a. Esse cara trabalha em um banco, canta, \u00e9 DJ, \u00e9 surfista, anda de skate, \u00e9 mergulhador, palestrante, toca na bateria de uma escola de samba \u201cX 9 Paulistana\u201d e construiu uma fam\u00edlia.<\/p>\n\n\n\n<p>Caro leitor, talvez voc\u00ea agora diga, mas isso qualquer um pode fazer. Concordo, qualquer um de n\u00f3s podemos fazer, mas na maioria das vezes n\u00e3o fazemos. O diferencial desse cara e que o torna \u00fanico em suas realiza\u00e7\u00f5es \u00e9 que o mesmo n\u00e3o tem bra\u00e7os e nem pernas.<\/p>\n\n\n\n<p>Em seu livro ele afirma que a nossa maior limita\u00e7\u00e3o est\u00e1 na nossa mente. O segredo \u00e9 vencer o medo, n\u00e3o se limitar, conviver com pessoas boas, fazer o que gosta, alimentar os sonhos, ser feliz. N\u00e3o focar nas coisas que deram errado.&nbsp; Mas fazer tudo aquilo que voc\u00ea pode fazer, ter coragem para experimentar o novo, com entusiasmo.<\/p>\n\n\n\n<p>\u201cA minha vida n\u00e3o foi f\u00e1cil. Foi dif\u00edcil quando tive de pingar de escola em escola at\u00e9 ser aceito. Mas eu tive uma inf\u00e2ncia feliz. Sabem por qu\u00ea? Porque brincava daquilo que gostava. E essa \u00e9 sacada da vida. Quando voc\u00ea faz o que gosta, \u00e9 mais f\u00e1cil passar pelas partes dif\u00edceis\u201d. (ROSSI, 2016:183).<\/p>\n\n\n\n<p>Desejo a voc\u00ea uma boa leitura do livro. Mas por enquanto fique com esta reflex\u00e3o. \u201cO que \u00e9 imposs\u00edvel para voc\u00ea?<\/p>\n\n\n\n<p>ROSSI, Marcos<strong>, O que \u00e9 imposs\u00edvel para voc\u00ea?<\/strong> S\u00e3o Paulo: BUZZ, 2016<\/p>\n","protected":false},"excerpt":{"rendered":"<p>Esse \u00e9 o t\u00edtulo do livro do escritor Marcos Rossi, O que \u00e9 imposs\u00edvel para voc\u00ea?&nbsp; \u00c0s vezes acreditamos que quase tudo na nossa vida \u00e9 imposs\u00edvel. Queremos tantas coisas e muitas vezes nos deixamos ser paralisados pelo medo. Esquecemos de entrar em a\u00e7\u00e3o, dar o primeiro passo. Ou como diz o autor. J\u00e1 tenho &hellip;<\/p>\n<p class=\"read-more\"> <a class=\"\" href=\"https:\/\/quemcuidadocuidador.com.br\/index.php\/2022\/02\/19\/o-que-e-impossivel-para-voce\/\"> <span class=\"screen-reader-text\">O que \u00e9 imposs\u00edvel para voc\u00ea<\/span> Leia mais &raquo;<\/a><\/p>\n","protected":false},"author":2,"featured_media":218,"comment_status":"open","ping_status":"open","sticky":false,"template":"","format":"standard","meta":{"om_disable_all_campaigns":false,"_monsterinsights_skip_tracking":false,"_monsterinsights_sitenote_active":false,"_monsterinsights_sitenote_note":"","_monsterinsights_sitenote_category":0,"site-sidebar-layout":"","site-content-layout":"","ast-main-header-display":"","ast-hfb-above-header-display":"","ast-hfb-below-header-display":"","ast-hfb-mobile-header-display":"","site-post-title":"","ast-breadcrumbs-content":"","ast-featured-img":"","footer-sml-layout":"","theme-transparent-header-meta":"","adv-header-id-meta":"","stick-header-meta":"","header-above-stick-meta":"","header-main-stick-meta":"","header-below-stick-meta":""},"categories":[2],"tags":[],"uagb_featured_image_src":{"full":["https:\/\/quemcuidadocuidador.com.br\/wp-content\/uploads\/2022\/02\/Marcos-Rossi.jpg",1639,2542,false],"thumbnail":["https:\/\/quemcuidadocuidador.com.br\/wp-content\/uploads\/2022\/02\/Marcos-Rossi-150x150.jpg",150,150,true],"medium":["https:\/\/quemcuidadocuidador.com.br\/wp-content\/uploads\/2022\/02\/Marcos-Rossi-193x300.jpg",193,300,true],"medium_large":["https:\/\/quemcuidadocuidador.com.br\/wp-content\/uploads\/2022\/02\/Marcos-Rossi-768x1191.jpg",768,1191,true],"large":["https:\/\/quemcuidadocuidador.com.br\/wp-content\/uploads\/2022\/02\/Marcos-Rossi-660x1024.jpg",660,1024,true],"1536x1536":["https:\/\/quemcuidadocuidador.com.br\/wp-content\/uploads\/2022\/02\/Marcos-Rossi-990x1536.jpg",990,1536,true],"2048x2048":["https:\/\/quemcuidadocuidador.com.br\/wp-content\/uploads\/2022\/02\/Marcos-Rossi-1320x2048.jpg",1320,2048,true]},"uagb_author_info":{"display_name":"Cicera A Feitosa","author_link":"https:\/\/quemcuidadocuidador.com.br\/index.php\/author\/cicera\/"},"uagb_comment_info":2,"uagb_excerpt":"Esse \u00e9 o t\u00edtulo do livro do escritor Marcos Rossi, O que \u00e9 imposs\u00edvel para voc\u00ea?&nbsp; \u00c0s vezes acreditamos que quase tudo na nossa vida \u00e9 imposs\u00edvel. Queremos tantas coisas e muitas vezes nos deixamos ser paralisados pelo medo. Esquecemos de entrar em a\u00e7\u00e3o, dar o primeiro passo. Ou como diz o autor. J\u00e1 tenho&hellip;","_links":{"self":[{"href":"https:\/\/quemcuidadocuidador.com.br\/index.php\/wp-json\/wp\/v2\/posts\/217"}],"collection":[{"href":"https:\/\/quemcuidadocuidador.com.br\/index.php\/wp-json\/wp\/v2\/posts"}],"about":[{"href":"https:\/\/quemcuidadocuidador.com.br\/index.php\/wp-json\/wp\/v2\/types\/post"}],"author":[{"embeddable":true,"href":"https:\/\/quemcuidadocuidador.com.br\/index.php\/wp-json\/wp\/v2\/users\/2"}],"replies":[{"embeddable":true,"href":"https:\/\/quemcuidadocuidador.com.br\/index.php\/wp-json\/wp\/v2\/comments?post=217"}],"version-history":[{"count":1,"href":"https:\/\/quemcuidadocuidador.com.br\/index.php\/wp-json\/wp\/v2\/posts\/217\/revisions"}],"predecessor-version":[{"id":219,"href":"https:\/\/quemcuidadocuidador.com.br\/index.php\/wp-json\/wp\/v2\/posts\/217\/revisions\/219"}],"wp:featuredmedia":[{"embeddable":true,"href":"https:\/\/quemcuidadocuidador.com.br\/index.php\/wp-json\/wp\/v2\/media\/218"}],"wp:attachment":[{"href":"https:\/\/quemcuidadocuidador.com.br\/index.php\/wp-json\/wp\/v2\/media?parent=217"}],"wp:term":[{"taxonomy":"category","embeddable":true,"href":"https:\/\/quemcuidadocuidador.com.br\/index.php\/wp-json\/wp\/v2\/categories?post=217"},{"taxonomy":"post_tag","embeddable":true,"href":"https:\/\/quemcuidadocuidador.com.br\/index.php\/wp-json\/wp\/v2\/tags?post=217"}],"curies":[{"name":"wp","href":"https:\/\/api.w.org\/{rel}","templated":true}]}}