{"id":209,"date":"2022-02-06T07:00:57","date_gmt":"2022-02-06T11:00:57","guid":{"rendered":"https:\/\/quemcuidadocuidador.com.br\/?p=209"},"modified":"2022-02-06T07:00:59","modified_gmt":"2022-02-06T11:00:59","slug":"pequenas-ou-grandes-coisas","status":"publish","type":"post","link":"https:\/\/quemcuidadocuidador.com.br\/index.php\/2022\/02\/06\/pequenas-ou-grandes-coisas\/","title":{"rendered":"Pequenas ou grandes coisas?!"},"content":{"rendered":"\n<p>Atravessar uma sala se torna demasiadamente longa a dist\u00e2ncia. Caminhar da cama at\u00e9 o sof\u00e1 da sala, \u00e0s vezes \u00e9 um percurso t\u00e3o distante que o idoso opta por ficar deitado; ou se est\u00e1 sentado no sof\u00e1, prefere tirar um cochilo ali mesmo para n\u00e3o fazer o percurso de volta, pela dificuldade de locomo\u00e7\u00e3o de um canto a outro, para se equilibrar e para mudar o passo de lugar.<\/p>\n\n\n\n<p>\u00c0s vezes ele n\u00e3o gosta de usar o andador e n\u00f3s, enquanto cuidadores, n\u00e3o podemos lhes oferecer uma bengala. Pois ir\u00edamos levar bengaladas, com frequ\u00eancia.<\/p>\n\n\n\n<p>Quem tem um idoso em casa, certamente j\u00e1 vivenciou a situa\u00e7\u00e3o de estar com pressa, por\u00e9m incapaz de se locomover. Ora por um corredor estreito, ou por localiza\u00e7\u00e3o de moveis. Esperamos que em seu lento caminhar ele termine o trajeto come\u00e7ado.<\/p>\n\n\n\n<p>Outro lugar de controversa \u00e9 o banheiro; voc\u00ea coloca barras para que ele possa se segurar. Coloca a cadeira ao lado da barra para ele segurar e conseguir ficar de p\u00e9. E voc\u00ea pede, por favor, \u201csegura na barra para levantar.\u201d E a pessoa continua te olhando, como se o comando recebido n\u00e3o fizesse o menor sentido.<\/p>\n\n\n\n<p>Ou na hora do banho quando eles se recusam a entrar embaixo do chuveiro. Se voc\u00ea \u00e9 cuidador tamb\u00e9m sabe que acertar a temperatura \u00e9 algo quase imposs\u00edvel. Ora est\u00e1 muito quente, ora est\u00e1 muito frio. Situa\u00e7\u00e3o causada em virtude da pele sens\u00edvel, e \u00e0s vezes o cair da \u00e1gua do chuveiro os fazem sentir dor.<\/p>\n\n\n\n<p>Outra hora memor\u00e1vel s\u00e3o as refei\u00e7\u00f5es, imagina se sua m\u00e3e que cozinhava todos os dias, por motivo de sa\u00fade deixa de cozinhar, voc\u00ea n\u00e3o tem muita pr\u00e1tica na cozinha, teve outros compromissos e chegou um pouco atrasada para fazer o almo\u00e7o de domingo. Uma sagrada galinha caipira com arroz. E para azar seu a galinha \u00e9 velha e demora amolecer. Voc\u00ea coloca o almo\u00e7o na mesa \u00e0s 14 horas, para algu\u00e9m que est\u00e1 acostumado a ter o almo\u00e7o na mesa \u00e0s 11 horas, no m\u00e1ximo meio dia.<\/p>\n\n\n\n<p>Mas h\u00e1 uma situa\u00e7\u00e3o vivenciada por muitos, mas contada por poucos. \u00c9 aqueles momentos em que nossos pais, ora por excesso de dor e desconforto, ora porque o autoritarismo ainda corre forte em suas veias e, n\u00f3s como o adulto l\u00facido do momento, precisamos lhes dizer n\u00e3o. E eles contrariados nos expulsam de suas casas.&nbsp; Sabemos que cinco minutos depois eles nos chamar\u00e3o de volta. Entretanto, para n\u00e3o os desautorizar ainda mais, vamos embora. Quando voltamos mesmo estando ainda chateados, agimos com naturalidade.<\/p>\n\n\n\n<p>O ato de cuidar exige de n\u00f3s lucidez e sabedoria, para que os momentos de conflitos sejam transformados em aprendizagens. Que s\u00f3 acontecem quando as rela\u00e7\u00f5es s\u00e3o estabelecidas com amor, respeito e compaix\u00e3o.<\/p>\n\n\n\n<p>Quando a pessoa j\u00e1 est\u00e1 numa idade avan\u00e7ada e n\u00e3o consegue mais falar, e voc\u00ea acaricia seu bra\u00e7o e diz: \u201cestou aqui pai\u201d ou \u201cestou aqui m\u00e3e,\u201d torcendo para que mesmo que ele ou ela j\u00e1 n\u00e3o saiba quem voc\u00ea \u00e9, possa reconhecer o seu toque. Talvez ele ou ela abra os olhos e lhe de um sorriso.<\/p>\n\n\n\n<p>\u00c9 dif\u00edcil ser m\u00e3e do pai ou da m\u00e3e, porque a gente lembra que eles sempre nos deram colo. N\u00f3s oferecemos o nosso. Mas h\u00e1 momentos, que queremos colo. &nbsp;Por isso, volto a reiterar \u201cn\u00f3s cuidadores tamb\u00e9m precisamos ser cuidados\u201d.<\/p>\n","protected":false},"excerpt":{"rendered":"<p>Atravessar uma sala se torna demasiadamente longa a dist\u00e2ncia. Caminhar da cama at\u00e9 o sof\u00e1 da sala, \u00e0s vezes \u00e9 um percurso t\u00e3o distante que o idoso opta por ficar deitado; ou se est\u00e1 sentado no sof\u00e1, prefere tirar um cochilo ali mesmo para n\u00e3o fazer o percurso de volta, pela dificuldade de locomo\u00e7\u00e3o de &hellip;<\/p>\n<p class=\"read-more\"> <a class=\"\" href=\"https:\/\/quemcuidadocuidador.com.br\/index.php\/2022\/02\/06\/pequenas-ou-grandes-coisas\/\"> <span class=\"screen-reader-text\">Pequenas ou grandes coisas?!<\/span> Leia mais &raquo;<\/a><\/p>\n","protected":false},"author":2,"featured_media":210,"comment_status":"open","ping_status":"open","sticky":false,"template":"","format":"standard","meta":{"om_disable_all_campaigns":false,"_monsterinsights_skip_tracking":false,"_monsterinsights_sitenote_active":false,"_monsterinsights_sitenote_note":"","_monsterinsights_sitenote_category":0,"site-sidebar-layout":"","site-content-layout":"","ast-main-header-display":"","ast-hfb-above-header-display":"","ast-hfb-below-header-display":"","ast-hfb-mobile-header-display":"","site-post-title":"","ast-breadcrumbs-content":"","ast-featured-img":"","footer-sml-layout":"","theme-transparent-header-meta":"","adv-header-id-meta":"","stick-header-meta":"","header-above-stick-meta":"","header-main-stick-meta":"","header-below-stick-meta":""},"categories":[5],"tags":[],"uagb_featured_image_src":{"full":["https:\/\/quemcuidadocuidador.com.br\/wp-content\/uploads\/2022\/02\/original-372100dc6639acc7af7a9c8c7113c3ff-1-510x392-1.jpeg",510,392,false],"thumbnail":["https:\/\/quemcuidadocuidador.com.br\/wp-content\/uploads\/2022\/02\/original-372100dc6639acc7af7a9c8c7113c3ff-1-510x392-1-150x150.jpeg",150,150,true],"medium":["https:\/\/quemcuidadocuidador.com.br\/wp-content\/uploads\/2022\/02\/original-372100dc6639acc7af7a9c8c7113c3ff-1-510x392-1-300x231.jpeg",300,231,true],"medium_large":["https:\/\/quemcuidadocuidador.com.br\/wp-content\/uploads\/2022\/02\/original-372100dc6639acc7af7a9c8c7113c3ff-1-510x392-1.jpeg",510,392,false],"large":["https:\/\/quemcuidadocuidador.com.br\/wp-content\/uploads\/2022\/02\/original-372100dc6639acc7af7a9c8c7113c3ff-1-510x392-1.jpeg",510,392,false],"1536x1536":["https:\/\/quemcuidadocuidador.com.br\/wp-content\/uploads\/2022\/02\/original-372100dc6639acc7af7a9c8c7113c3ff-1-510x392-1.jpeg",510,392,false],"2048x2048":["https:\/\/quemcuidadocuidador.com.br\/wp-content\/uploads\/2022\/02\/original-372100dc6639acc7af7a9c8c7113c3ff-1-510x392-1.jpeg",510,392,false]},"uagb_author_info":{"display_name":"Cicera A Feitosa","author_link":"https:\/\/quemcuidadocuidador.com.br\/index.php\/author\/cicera\/"},"uagb_comment_info":3,"uagb_excerpt":"Atravessar uma sala se torna demasiadamente longa a dist\u00e2ncia. Caminhar da cama at\u00e9 o sof\u00e1 da sala, \u00e0s vezes \u00e9 um percurso t\u00e3o distante que o idoso opta por ficar deitado; ou se est\u00e1 sentado no sof\u00e1, prefere tirar um cochilo ali mesmo para n\u00e3o fazer o percurso de volta, pela dificuldade de locomo\u00e7\u00e3o de&hellip;","_links":{"self":[{"href":"https:\/\/quemcuidadocuidador.com.br\/index.php\/wp-json\/wp\/v2\/posts\/209"}],"collection":[{"href":"https:\/\/quemcuidadocuidador.com.br\/index.php\/wp-json\/wp\/v2\/posts"}],"about":[{"href":"https:\/\/quemcuidadocuidador.com.br\/index.php\/wp-json\/wp\/v2\/types\/post"}],"author":[{"embeddable":true,"href":"https:\/\/quemcuidadocuidador.com.br\/index.php\/wp-json\/wp\/v2\/users\/2"}],"replies":[{"embeddable":true,"href":"https:\/\/quemcuidadocuidador.com.br\/index.php\/wp-json\/wp\/v2\/comments?post=209"}],"version-history":[{"count":1,"href":"https:\/\/quemcuidadocuidador.com.br\/index.php\/wp-json\/wp\/v2\/posts\/209\/revisions"}],"predecessor-version":[{"id":211,"href":"https:\/\/quemcuidadocuidador.com.br\/index.php\/wp-json\/wp\/v2\/posts\/209\/revisions\/211"}],"wp:featuredmedia":[{"embeddable":true,"href":"https:\/\/quemcuidadocuidador.com.br\/index.php\/wp-json\/wp\/v2\/media\/210"}],"wp:attachment":[{"href":"https:\/\/quemcuidadocuidador.com.br\/index.php\/wp-json\/wp\/v2\/media?parent=209"}],"wp:term":[{"taxonomy":"category","embeddable":true,"href":"https:\/\/quemcuidadocuidador.com.br\/index.php\/wp-json\/wp\/v2\/categories?post=209"},{"taxonomy":"post_tag","embeddable":true,"href":"https:\/\/quemcuidadocuidador.com.br\/index.php\/wp-json\/wp\/v2\/tags?post=209"}],"curies":[{"name":"wp","href":"https:\/\/api.w.org\/{rel}","templated":true}]}}