{"id":180,"date":"2021-12-25T08:39:32","date_gmt":"2021-12-25T12:39:32","guid":{"rendered":"https:\/\/quemcuidadocuidador.com.br\/?p=180"},"modified":"2021-12-25T08:39:33","modified_gmt":"2021-12-25T12:39:33","slug":"licao-de-amor-no-discurso-de-despedida","status":"publish","type":"post","link":"https:\/\/quemcuidadocuidador.com.br\/index.php\/2021\/12\/25\/licao-de-amor-no-discurso-de-despedida\/","title":{"rendered":"Li\u00e7\u00e3o de Amor no Discurso de despedida"},"content":{"rendered":"\n<p>Hoje estou me sentindo como o personagem de \u00cdtalo Calvino, o Visconde Partido ao Meio. Um lado sou alegria e ternura, outro inseguran\u00e7a e medo.<\/p>\n\n\n\n<p>Meu lado inseguran\u00e7a e medo teme sobre como meu filho ir\u00e1 passar o tempo, a partir de agora. J\u00e1 n\u00e3o ir\u00e1 mais para a escola, terminou o Ensino M\u00e9dio e n\u00e3o est\u00e1 alfabetizado. Continua querendo ser padre e trabalhar na Catedral como volunt\u00e1rio.<\/p>\n\n\n\n<p>Tenho tantas d\u00favidas. Qual o espa\u00e7o que meu filho ir\u00e1 ocupar na sociedade Cacerense?&nbsp; Qual empresa o aceitar\u00e1 como funcion\u00e1rio? Existe alguma institui\u00e7\u00e3o que ofere\u00e7a cursos para desenvolver e aperfei\u00e7oar suas habilidades de falar e inventar hist\u00f3rias? Como Pedro Henrique poder\u00e1 rasgar uma janela no mundo e saltar para a vida? Viver\u00e1 ele algum dia com independ\u00eancia e total autonomia?<\/p>\n\n\n\n<p>Para a maioria dessas perguntas a resposta \u00e9: N\u00e3o sei.<\/p>\n\n\n\n<p>Por\u00e9m meu lado alegria e ternura \u00e9 movido a esperan\u00e7a. E na \u00faltima sexta-feira ele provou que rasgar\u00e1 tantas janelas no mundo, quantas forem necess\u00e1rias para a sua sobreviv\u00eancia. Na sala de aula, durante a confraterniza\u00e7\u00e3o da turma, pediu a palavra para se despedir da turma.<\/p>\n\n\n\n<p>&nbsp;E com v\u00e1rias folhas de papel na m\u00e3o foi para frente da sala e falou sobre o processo de estudar, seu amor pela igreja, dos professores que ele gosta, das pessoas que ele considera como grandes amigos, Jair e Neuliane. Falou da amizade dele com Aninha e que agora ela \u00e9 sua madrinha de crisma, falou da amizade com a professora Rosania, Dulce e Ana, da saudade de sua av\u00f3, da alegria de frequentar a igreja com sua madrinha Claudia, agradeceu aos colegas de sala pelo tempo de conviv\u00eancia. Lembrou de Maria Helena, de quando ela ainda estava na barriga da J\u00e9ssica, uma das professoras dele da sala de recursos, e que ele vivenciou o per\u00edodo da gravidez.<\/p>\n\n\n\n<p>Sua f\u00e9 reverberou no espa\u00e7o ao cantar o c\u00e2ntico de Nossa Senhora do Carmo e no convite aos colegas para cantar o c\u00e2ntico Ora\u00e7\u00e3o da Fam\u00edlia. No final pediu um abra\u00e7o aos amigos de sala e todos o abra\u00e7aram, num abra\u00e7o coletivo composto por carinho e respeito<\/p>\n\n\n\n<p>Quando cheguei na escola \u00e0s 17 horas, encontrei a ADI dele em l\u00e1grimas, n\u00e3o conseguia nem falar direito de t\u00e3o emocionada. A coordenadora disse: Pedro deu um show hoje na sala. Foi lindo. Quando encontrei J\u00e9ssica ela disse: Mandei o v\u00eddeo para voc\u00ea. Acredita que ele falou por 10 minutos?<\/p>\n\n\n\n<p>Ao ver o v\u00eddeo, o sil\u00eancio deixou-me curiosa. Perguntei para a J\u00e9ssica: E os alunos da sala? Ela comentou: Ouviram ele com aten\u00e7\u00e3o plena. Sou professora e sei o quanto \u00e9 dif\u00edcil dez minutos de sil\u00eancio em uma sala de aula.<\/p>\n\n\n\n<p>Ent\u00e3o percebi que o aprendizado nessa turma foi uma via de m\u00e3o dupla. Pois Pedro Henrique, quando conversa com outra pessoa o assunto est\u00e1 saindo mais organizado e, agora ele est\u00e1 conseguindo parar para ouvir o que o outro diz.<\/p>\n\n\n\n<p>Em contrapartida, tenho certeza que estes amigos de sala aprenderam a conviver e a respeitar Pedro, e esse aprendizado ir\u00e1 se refletir ao longo da vida deles, pois saber\u00e3o respeitar, conviver e tratar bem qualquer outra pessoa que seja diferente deles, sem nenhum julgamento.<\/p>\n\n\n\n<p>&nbsp;A grande li\u00e7\u00e3o \u00e9 que quando permitimos e aceitamos o outro do jeito que ele \u00e9, podemos aprender a sermos mais humanos e a termos compaix\u00e3o, pois quando isso acontece transformamos suas vidas e nos transformamos tamb\u00e9m.<\/p>\n\n\n\n<p>Gratid\u00e3o a todos os colegas de sala do 3\u00ba Ano A, da Escola Estadual \u201cFrei Ambr\u00f3sio\u201d, de C\u00e1ceres &#8211; MT, por possibilitar a meu filho ser quem ele \u00e9, em ess\u00eancia.&nbsp; Com sua fala sobre: igrejas, santos e padres, e sua f\u00e9. Esta lhe d\u00e1 o conforto e a seguran\u00e7a de acreditar que tudo \u00e9 poss\u00edvel. Desejo a cada um de voc\u00eas a mesma f\u00e9 de Pedro. De acreditar que tudo \u00e9 poss\u00edvel.<\/p>\n","protected":false},"excerpt":{"rendered":"<p>Hoje estou me sentindo como o personagem de \u00cdtalo Calvino, o Visconde Partido ao Meio. Um lado sou alegria e ternura, outro inseguran\u00e7a e medo. Meu lado inseguran\u00e7a e medo teme sobre como meu filho ir\u00e1 passar o tempo, a partir de agora. J\u00e1 n\u00e3o ir\u00e1 mais para a escola, terminou o Ensino M\u00e9dio e &hellip;<\/p>\n<p class=\"read-more\"> <a class=\"\" href=\"https:\/\/quemcuidadocuidador.com.br\/index.php\/2021\/12\/25\/licao-de-amor-no-discurso-de-despedida\/\"> <span class=\"screen-reader-text\">Li\u00e7\u00e3o de Amor no Discurso de despedida<\/span> Leia mais &raquo;<\/a><\/p>\n","protected":false},"author":2,"featured_media":181,"comment_status":"open","ping_status":"open","sticky":false,"template":"","format":"standard","meta":{"om_disable_all_campaigns":false,"_monsterinsights_skip_tracking":false,"_monsterinsights_sitenote_active":false,"_monsterinsights_sitenote_note":"","_monsterinsights_sitenote_category":0,"site-sidebar-layout":"","site-content-layout":"","ast-main-header-display":"","ast-hfb-above-header-display":"","ast-hfb-below-header-display":"","ast-hfb-mobile-header-display":"","site-post-title":"","ast-breadcrumbs-content":"","ast-featured-img":"","footer-sml-layout":"","theme-transparent-header-meta":"","adv-header-id-meta":"","stick-header-meta":"","header-above-stick-meta":"","header-main-stick-meta":"","header-below-stick-meta":""},"categories":[5],"tags":[],"uagb_featured_image_src":{"full":["https:\/\/quemcuidadocuidador.com.br\/wp-content\/uploads\/2021\/12\/WhatsApp-Image-2021-12-23-at-15.26.51.jpeg",1021,1256,false],"thumbnail":["https:\/\/quemcuidadocuidador.com.br\/wp-content\/uploads\/2021\/12\/WhatsApp-Image-2021-12-23-at-15.26.51-150x150.jpeg",150,150,true],"medium":["https:\/\/quemcuidadocuidador.com.br\/wp-content\/uploads\/2021\/12\/WhatsApp-Image-2021-12-23-at-15.26.51-244x300.jpeg",244,300,true],"medium_large":["https:\/\/quemcuidadocuidador.com.br\/wp-content\/uploads\/2021\/12\/WhatsApp-Image-2021-12-23-at-15.26.51-768x945.jpeg",768,945,true],"large":["https:\/\/quemcuidadocuidador.com.br\/wp-content\/uploads\/2021\/12\/WhatsApp-Image-2021-12-23-at-15.26.51-832x1024.jpeg",832,1024,true],"1536x1536":["https:\/\/quemcuidadocuidador.com.br\/wp-content\/uploads\/2021\/12\/WhatsApp-Image-2021-12-23-at-15.26.51.jpeg",1021,1256,false],"2048x2048":["https:\/\/quemcuidadocuidador.com.br\/wp-content\/uploads\/2021\/12\/WhatsApp-Image-2021-12-23-at-15.26.51.jpeg",1021,1256,false]},"uagb_author_info":{"display_name":"Cicera A Feitosa","author_link":"https:\/\/quemcuidadocuidador.com.br\/index.php\/author\/cicera\/"},"uagb_comment_info":22,"uagb_excerpt":"Hoje estou me sentindo como o personagem de \u00cdtalo Calvino, o Visconde Partido ao Meio. Um lado sou alegria e ternura, outro inseguran\u00e7a e medo. Meu lado inseguran\u00e7a e medo teme sobre como meu filho ir\u00e1 passar o tempo, a partir de agora. J\u00e1 n\u00e3o ir\u00e1 mais para a escola, terminou o Ensino M\u00e9dio e&hellip;","_links":{"self":[{"href":"https:\/\/quemcuidadocuidador.com.br\/index.php\/wp-json\/wp\/v2\/posts\/180"}],"collection":[{"href":"https:\/\/quemcuidadocuidador.com.br\/index.php\/wp-json\/wp\/v2\/posts"}],"about":[{"href":"https:\/\/quemcuidadocuidador.com.br\/index.php\/wp-json\/wp\/v2\/types\/post"}],"author":[{"embeddable":true,"href":"https:\/\/quemcuidadocuidador.com.br\/index.php\/wp-json\/wp\/v2\/users\/2"}],"replies":[{"embeddable":true,"href":"https:\/\/quemcuidadocuidador.com.br\/index.php\/wp-json\/wp\/v2\/comments?post=180"}],"version-history":[{"count":1,"href":"https:\/\/quemcuidadocuidador.com.br\/index.php\/wp-json\/wp\/v2\/posts\/180\/revisions"}],"predecessor-version":[{"id":182,"href":"https:\/\/quemcuidadocuidador.com.br\/index.php\/wp-json\/wp\/v2\/posts\/180\/revisions\/182"}],"wp:featuredmedia":[{"embeddable":true,"href":"https:\/\/quemcuidadocuidador.com.br\/index.php\/wp-json\/wp\/v2\/media\/181"}],"wp:attachment":[{"href":"https:\/\/quemcuidadocuidador.com.br\/index.php\/wp-json\/wp\/v2\/media?parent=180"}],"wp:term":[{"taxonomy":"category","embeddable":true,"href":"https:\/\/quemcuidadocuidador.com.br\/index.php\/wp-json\/wp\/v2\/categories?post=180"},{"taxonomy":"post_tag","embeddable":true,"href":"https:\/\/quemcuidadocuidador.com.br\/index.php\/wp-json\/wp\/v2\/tags?post=180"}],"curies":[{"name":"wp","href":"https:\/\/api.w.org\/{rel}","templated":true}]}}