{"id":176,"date":"2021-12-18T10:07:53","date_gmt":"2021-12-18T14:07:53","guid":{"rendered":"https:\/\/quemcuidadocuidador.com.br\/?p=176"},"modified":"2021-12-18T10:07:55","modified_gmt":"2021-12-18T14:07:55","slug":"nada-nos-prepara","status":"publish","type":"post","link":"https:\/\/quemcuidadocuidador.com.br\/index.php\/2021\/12\/18\/nada-nos-prepara\/","title":{"rendered":"Nada nos prepara"},"content":{"rendered":"\n<p><strong>Nada nos prepara<\/strong><\/p>\n\n\n\n<p>N\u00f3s cuidadores<\/p>\n\n\n\n<p>Necessitamos de cuidados<\/p>\n\n\n\n<p>para continuarmos inteiros e,<\/p>\n\n\n\n<p>n\u00e3o desistirmos. &nbsp;<\/p>\n\n\n\n<p>Por toda, uma vida.<\/p>\n\n\n\n<p>Quando vamos ter um filho,<\/p>\n\n\n\n<p>n\u00f3s o imaginamos<\/p>\n\n\n\n<p>&nbsp;pura perfei\u00e7\u00e3o.<\/p>\n\n\n\n<p>&nbsp;A imagem refletida no ultrassom,<\/p>\n\n\n\n<p>Acompanhada pela mais bela m\u00fasica<\/p>\n\n\n\n<p>As batidas do cora\u00e7\u00e3o.<\/p>\n\n\n\n<p>Em nosso colo,<\/p>\n\n\n\n<p>Sua fragilidade<\/p>\n\n\n\n<p>Nos fortalece.<\/p>\n\n\n\n<p>Mas,<\/p>\n\n\n\n<p>&nbsp;Nada nos prepara<\/p>\n\n\n\n<p>&nbsp;Para filhos incr\u00edveis.<\/p>\n\n\n\n<p>Nada nos prepara<\/p>\n\n\n\n<p>Para o frequentar a escola e,<\/p>\n\n\n\n<p>n\u00e3o aprender.<\/p>\n\n\n\n<p>Nada nos prepara<\/p>\n\n\n\n<p>Para nunca serem adultos.<\/p>\n\n\n\n<p>Nada nos prepara.<\/p>\n\n\n\n<p>Para o riso debochado do outro.<\/p>\n\n\n\n<p>E, nos controlarmos.<\/p>\n\n\n\n<p>Nada nos prepara.<\/p>\n\n\n\n<p>Para tratar bem<\/p>\n\n\n\n<p>quem os classificam de<\/p>\n\n\n\n<p>inadequados.<\/p>\n\n\n\n<p>E tudo \u00e9,<\/p>\n\n\n\n<p>Falta de educa\u00e7\u00e3o.<\/p>\n\n\n\n<p>Nada nos prepara.<\/p>\n\n\n\n<p>Para o dia da<\/p>\n\n\n\n<p>Carteira de Identidade deles e,<\/p>\n\n\n\n<p>vermos escrito.<\/p>\n\n\n\n<p>N\u00e3o alfabetizado.<\/p>\n\n\n\n<p>Nada nos prepara,<\/p>\n\n\n\n<p>Para v\u00ea-los pedir um cart\u00e3o,<\/p>\n\n\n\n<p>Na floricultura.<\/p>\n\n\n\n<p>&nbsp;Ap\u00f3s comprar uma flor e,<\/p>\n\n\n\n<p>Preench\u00ea-lo com letra m.<\/p>\n\n\n\n<p>O envelope com a letra p.<\/p>\n\n\n\n<p>\u00c9 um aprendizado di\u00e1rio,<\/p>\n\n\n\n<p>Quase t\u00e3o cont\u00ednuo,<\/p>\n\n\n\n<p>Quanto o ato respirar.<\/p>\n\n\n\n<p>O peito aperta.<\/p>\n\n\n\n<p>\u00c0s vezes, l\u00e1grimas<\/p>\n\n\n\n<p>Algumas teimosas,<\/p>\n\n\n\n<p>Saltam de nossos olhos para as faces.<\/p>\n\n\n\n<p>Por\u00e9m, como j\u00e1 as derramei em abund\u00e2ncia.<\/p>\n\n\n\n<p>Agora posso dizer.<\/p>\n\n\n\n<p>Levante a cabe\u00e7a e,<\/p>\n\n\n\n<p>Siga em frente.<\/p>\n\n\n\n<p>Pois, ao longo da vida.<\/p>\n\n\n\n<p>As lutas,<\/p>\n\n\n\n<p>Que deveriam ser vencidas,<\/p>\n\n\n\n<p>Por nossos filhos.<\/p>\n\n\n\n<p>Vamos sempre ser,<\/p>\n\n\n\n<p>Seus representantes.<\/p>\n\n\n\n<p>E,<\/p>\n\n\n\n<p>Nada nos prepara&#8230;<\/p>\n","protected":false},"excerpt":{"rendered":"<p>Nada nos prepara N\u00f3s cuidadores Necessitamos de cuidados para continuarmos inteiros e, n\u00e3o desistirmos. &nbsp; Por toda, uma vida. Quando vamos ter um filho, n\u00f3s o imaginamos &nbsp;pura perfei\u00e7\u00e3o. &nbsp;A imagem refletida no ultrassom, Acompanhada pela mais bela m\u00fasica As batidas do cora\u00e7\u00e3o. Em nosso colo, Sua fragilidade Nos fortalece. Mas, &nbsp;Nada nos prepara &nbsp;Para &hellip;<\/p>\n<p class=\"read-more\"> <a class=\"\" href=\"https:\/\/quemcuidadocuidador.com.br\/index.php\/2021\/12\/18\/nada-nos-prepara\/\"> <span class=\"screen-reader-text\">Nada nos prepara<\/span> Leia mais &raquo;<\/a><\/p>\n","protected":false},"author":2,"featured_media":177,"comment_status":"open","ping_status":"open","sticky":false,"template":"","format":"standard","meta":{"om_disable_all_campaigns":false,"_monsterinsights_skip_tracking":false,"_monsterinsights_sitenote_active":false,"_monsterinsights_sitenote_note":"","_monsterinsights_sitenote_category":0,"site-sidebar-layout":"","site-content-layout":"","ast-main-header-display":"","ast-hfb-above-header-display":"","ast-hfb-below-header-display":"","ast-hfb-mobile-header-display":"","site-post-title":"","ast-breadcrumbs-content":"","ast-featured-img":"","footer-sml-layout":"","theme-transparent-header-meta":"","adv-header-id-meta":"","stick-header-meta":"","header-above-stick-meta":"","header-main-stick-meta":"","header-below-stick-meta":""},"categories":[5],"tags":[],"uagb_featured_image_src":{"full":["https:\/\/quemcuidadocuidador.com.br\/wp-content\/uploads\/2021\/12\/WhatsApp-Image-2021-12-18-at-09.53.29-rotated.jpeg",1032,330,false],"thumbnail":["https:\/\/quemcuidadocuidador.com.br\/wp-content\/uploads\/2021\/12\/WhatsApp-Image-2021-12-18-at-09.53.29-150x150.jpeg",150,150,true],"medium":["https:\/\/quemcuidadocuidador.com.br\/wp-content\/uploads\/2021\/12\/WhatsApp-Image-2021-12-18-at-09.53.29-300x96.jpeg",300,96,true],"medium_large":["https:\/\/quemcuidadocuidador.com.br\/wp-content\/uploads\/2021\/12\/WhatsApp-Image-2021-12-18-at-09.53.29-768x246.jpeg",768,246,true],"large":["https:\/\/quemcuidadocuidador.com.br\/wp-content\/uploads\/2021\/12\/WhatsApp-Image-2021-12-18-at-09.53.29-1024x327.jpeg",1024,327,true],"1536x1536":["https:\/\/quemcuidadocuidador.com.br\/wp-content\/uploads\/2021\/12\/WhatsApp-Image-2021-12-18-at-09.53.29-rotated.jpeg",1032,330,false],"2048x2048":["https:\/\/quemcuidadocuidador.com.br\/wp-content\/uploads\/2021\/12\/WhatsApp-Image-2021-12-18-at-09.53.29-rotated.jpeg",1032,330,false]},"uagb_author_info":{"display_name":"Cicera A Feitosa","author_link":"https:\/\/quemcuidadocuidador.com.br\/index.php\/author\/cicera\/"},"uagb_comment_info":13,"uagb_excerpt":"Nada nos prepara N\u00f3s cuidadores Necessitamos de cuidados para continuarmos inteiros e, n\u00e3o desistirmos. &nbsp; Por toda, uma vida. Quando vamos ter um filho, n\u00f3s o imaginamos &nbsp;pura perfei\u00e7\u00e3o. &nbsp;A imagem refletida no ultrassom, Acompanhada pela mais bela m\u00fasica As batidas do cora\u00e7\u00e3o. Em nosso colo, Sua fragilidade Nos fortalece. Mas, &nbsp;Nada nos prepara &nbsp;Para&hellip;","_links":{"self":[{"href":"https:\/\/quemcuidadocuidador.com.br\/index.php\/wp-json\/wp\/v2\/posts\/176"}],"collection":[{"href":"https:\/\/quemcuidadocuidador.com.br\/index.php\/wp-json\/wp\/v2\/posts"}],"about":[{"href":"https:\/\/quemcuidadocuidador.com.br\/index.php\/wp-json\/wp\/v2\/types\/post"}],"author":[{"embeddable":true,"href":"https:\/\/quemcuidadocuidador.com.br\/index.php\/wp-json\/wp\/v2\/users\/2"}],"replies":[{"embeddable":true,"href":"https:\/\/quemcuidadocuidador.com.br\/index.php\/wp-json\/wp\/v2\/comments?post=176"}],"version-history":[{"count":1,"href":"https:\/\/quemcuidadocuidador.com.br\/index.php\/wp-json\/wp\/v2\/posts\/176\/revisions"}],"predecessor-version":[{"id":178,"href":"https:\/\/quemcuidadocuidador.com.br\/index.php\/wp-json\/wp\/v2\/posts\/176\/revisions\/178"}],"wp:featuredmedia":[{"embeddable":true,"href":"https:\/\/quemcuidadocuidador.com.br\/index.php\/wp-json\/wp\/v2\/media\/177"}],"wp:attachment":[{"href":"https:\/\/quemcuidadocuidador.com.br\/index.php\/wp-json\/wp\/v2\/media?parent=176"}],"wp:term":[{"taxonomy":"category","embeddable":true,"href":"https:\/\/quemcuidadocuidador.com.br\/index.php\/wp-json\/wp\/v2\/categories?post=176"},{"taxonomy":"post_tag","embeddable":true,"href":"https:\/\/quemcuidadocuidador.com.br\/index.php\/wp-json\/wp\/v2\/tags?post=176"}],"curies":[{"name":"wp","href":"https:\/\/api.w.org\/{rel}","templated":true}]}}