{"id":172,"date":"2021-12-04T04:58:37","date_gmt":"2021-12-04T08:58:37","guid":{"rendered":"https:\/\/quemcuidadocuidador.com.br\/?p=172"},"modified":"2021-12-04T04:58:38","modified_gmt":"2021-12-04T08:58:38","slug":"o-cuidar-e-a-teoria-de-desenvolvimento-de-winnicott","status":"publish","type":"post","link":"https:\/\/quemcuidadocuidador.com.br\/index.php\/2021\/12\/04\/o-cuidar-e-a-teoria-de-desenvolvimento-de-winnicott\/","title":{"rendered":"O cuidar e a teoria de desenvolvimento de Winnicott"},"content":{"rendered":"\n<p>H\u00e1 longo tempo ou\u00e7o e observo hist\u00f3rias de quem exerce essa fun\u00e7\u00e3o de cuidar do outro. Eu pr\u00f3pria a exer\u00e7o h\u00e1 longa data. Nessas conversas, sempre ficou muito claro para mim, a necessidade de tamb\u00e9m sermos cuidados<\/p>\n\n\n\n<p>&nbsp;Todo ser humano tem necessidade de ser ouvido. Quando envelhecemos, embora a gente tenha muita experi\u00eancia, ningu\u00e9m quer nos ouvir. Em muitos casos, os jovens acreditam que as respostas do Google s\u00e3o mais confi\u00e1veis. Eles n\u00e3o ouvem os idosos. Imagina um adolescente, que os consideram, sem no\u00e7\u00e3o.<\/p>\n\n\n\n<p>&nbsp;De uma certa forma ao sermos cuidadores, tamb\u00e9m passamos a fazer parte de uma classe de exclu\u00eddos.&nbsp; Nos tornamos chatos, pois n\u00e3o participamos das baladas, podemos n\u00e3o nos interessarmos mais em saber quem \u00e9 o melhor jogador de futebol, qual ator ou atriz est\u00e3o fazendo sucesso no momento.<\/p>\n\n\n\n<p>Fico pensando quantas vezes fui inconveniente, ora falando das limita\u00e7\u00f5es de meu pai de locomo\u00e7\u00e3o e para se expressar, por n\u00e3o conseguir falar. Ora de meu filho e suas dificuldades de aprendizagem e socializa\u00e7\u00e3o.<\/p>\n\n\n\n<p>&nbsp;Quem pode se interessar por esses tipos de assuntos. Alguns irm\u00e3os, irm\u00e3s, sobrinhos, primos, amigos verdadeiros. Mas principalmente, pessoas que vivam experi\u00eancias semelhantes.<\/p>\n\n\n\n<p>Pessoas que sintam a mesma dor e vivam situa\u00e7\u00f5es id\u00eanticas. Ou seja, outros cuidadores como voc\u00ea, muitas vezes, temos consci\u00eancia que os melhores anos de nossas vidas est\u00e3o escorrendo por nossas m\u00e3os e n\u00e3o conseguimos agarr\u00e1-los, segur\u00e1-los. Primeiro, porque n\u00e3o aprendemos a cuidar de n\u00f3s mesmos. Segundo, porque para o outro que precisa de n\u00f3s, significa sobreviver, e receber as condi\u00e7\u00f5es m\u00ednimas para continuar a ser tratado como ser humano.<\/p>\n\n\n\n<p>Momentos h\u00e1, que somos os olhos, pelos quais o outro tem um pequeno vislumbre sobre o mundo. Ou a voz que expressa com imperfei\u00e7\u00e3o aquilo que o outro falou atrav\u00e9s do seu sil\u00eancio. Os p\u00e9s que permitem ao outro sair do lugar, ter um pouco de movimento. As m\u00e3os que colaboram para o outro saber o sabor da \u00e1gua e gosto do alimento. \u00c0s m\u00e3os que possibilitam que seus corpos experimentem a sensa\u00e7\u00e3o de um bom banho e o aconchego e carinho que roupas macias e limpas oferecem ao corpo.<\/p>\n\n\n\n<p>Mas todas essas a\u00e7\u00f5es tamb\u00e9m exaurem nossas for\u00e7as e energias.<\/p>\n\n\n\n<p>O aprender a cuidar da gente, demanda tempo. \u00c0s vezes, quando acontece j\u00e1 acumulamos algumas doen\u00e7as e estamos em total esgotamento tanto f\u00edsico, quando mental.<\/p>\n\n\n\n<p>Ent\u00e3o, nesse momento precisamos ser cuidados, tamb\u00e9m queremos ser confortados ora com palavras, ora com abra\u00e7os que fortale\u00e7am nossas almas. Esmagadas dilaceradas, por horas, dias, semanas, meses e anos de cuidados com os outros.<\/p>\n\n\n\n<p>A teoria de Winnicott \u00e9 um acalanto para nossas almas de cuidadores. Ele diz que: quando o beb\u00ea nasce, ele precisa ser cuidado, a m\u00e3e \u00e9 a cuidadora que est\u00e1 t\u00e3o envolvida com o beb\u00ea que chega a adivinhar quais s\u00e3o suas necessidades e o pai representa o protetor\/provedor que cria condi\u00e7\u00f5es para a m\u00e3e cuidar do beb\u00ea em tempo integral.<\/p>\n\n\n\n<p>Imaginem dois c\u00edrculos, um maior representado pelo pai que d\u00e1 suporte e sustenta\u00e7\u00e3o para a m\u00e3e e um c\u00edrculo menor representado pela m\u00e3e que cuida, ama e advinha, todas as necessidades do beb\u00ea e se sente cuidada por ele.<\/p>\n\n\n\n<p>&nbsp;Esses pap\u00e9is ao longo da vida: beb\u00ea, m\u00e3e e pai passam a ser exercidos por outras pessoas em diferentes esferas sociais. E quando somos adultos, constantemente trocamos de pap\u00e9is. Ora m\u00e3e, ora pai, ora beb\u00ea. Pois tamb\u00e9m precisamos ser cuidados.<\/p>\n\n\n\n<p>\u00c9 sobre esse direito de ser cuidado, de receber um olhar mais humanizado e refletir sobre as diferentes maneiras que cada um encontra para se fortalecer e continuar a caminhada. Que convido voc\u00eas leitores para refletirmos sobre como podemos construir pol\u00edticas p\u00fablicas mais humanizada, para o cuidador?<\/p>\n","protected":false},"excerpt":{"rendered":"<p>H\u00e1 longo tempo ou\u00e7o e observo hist\u00f3rias de quem exerce essa fun\u00e7\u00e3o de cuidar do outro. Eu pr\u00f3pria a exer\u00e7o h\u00e1 longa data. Nessas conversas, sempre ficou muito claro para mim, a necessidade de tamb\u00e9m sermos cuidados &nbsp;Todo ser humano tem necessidade de ser ouvido. Quando envelhecemos, embora a gente tenha muita experi\u00eancia, ningu\u00e9m quer &hellip;<\/p>\n<p class=\"read-more\"> <a class=\"\" href=\"https:\/\/quemcuidadocuidador.com.br\/index.php\/2021\/12\/04\/o-cuidar-e-a-teoria-de-desenvolvimento-de-winnicott\/\"> <span class=\"screen-reader-text\">O cuidar e a teoria de desenvolvimento de Winnicott<\/span> Leia mais &raquo;<\/a><\/p>\n","protected":false},"author":2,"featured_media":173,"comment_status":"open","ping_status":"open","sticky":false,"template":"","format":"standard","meta":{"om_disable_all_campaigns":false,"_monsterinsights_skip_tracking":false,"_monsterinsights_sitenote_active":false,"_monsterinsights_sitenote_note":"","_monsterinsights_sitenote_category":0,"site-sidebar-layout":"","site-content-layout":"","ast-main-header-display":"","ast-hfb-above-header-display":"","ast-hfb-below-header-display":"","ast-hfb-mobile-header-display":"","site-post-title":"","ast-breadcrumbs-content":"","ast-featured-img":"","footer-sml-layout":"","theme-transparent-header-meta":"","adv-header-id-meta":"","stick-header-meta":"","header-above-stick-meta":"","header-main-stick-meta":"","header-below-stick-meta":""},"categories":[5],"tags":[],"uagb_featured_image_src":{"full":["https:\/\/quemcuidadocuidador.com.br\/wp-content\/uploads\/2021\/12\/kelly-sikkema-yl0l73I0sOg-unsplash-4-scaled.jpg",2560,1707,false],"thumbnail":["https:\/\/quemcuidadocuidador.com.br\/wp-content\/uploads\/2021\/12\/kelly-sikkema-yl0l73I0sOg-unsplash-4-150x150.jpg",150,150,true],"medium":["https:\/\/quemcuidadocuidador.com.br\/wp-content\/uploads\/2021\/12\/kelly-sikkema-yl0l73I0sOg-unsplash-4-300x200.jpg",300,200,true],"medium_large":["https:\/\/quemcuidadocuidador.com.br\/wp-content\/uploads\/2021\/12\/kelly-sikkema-yl0l73I0sOg-unsplash-4-768x512.jpg",768,512,true],"large":["https:\/\/quemcuidadocuidador.com.br\/wp-content\/uploads\/2021\/12\/kelly-sikkema-yl0l73I0sOg-unsplash-4-1024x683.jpg",1024,683,true],"1536x1536":["https:\/\/quemcuidadocuidador.com.br\/wp-content\/uploads\/2021\/12\/kelly-sikkema-yl0l73I0sOg-unsplash-4-1536x1024.jpg",1536,1024,true],"2048x2048":["https:\/\/quemcuidadocuidador.com.br\/wp-content\/uploads\/2021\/12\/kelly-sikkema-yl0l73I0sOg-unsplash-4-2048x1365.jpg",2048,1365,true]},"uagb_author_info":{"display_name":"Cicera A Feitosa","author_link":"https:\/\/quemcuidadocuidador.com.br\/index.php\/author\/cicera\/"},"uagb_comment_info":1,"uagb_excerpt":"H\u00e1 longo tempo ou\u00e7o e observo hist\u00f3rias de quem exerce essa fun\u00e7\u00e3o de cuidar do outro. Eu pr\u00f3pria a exer\u00e7o h\u00e1 longa data. Nessas conversas, sempre ficou muito claro para mim, a necessidade de tamb\u00e9m sermos cuidados &nbsp;Todo ser humano tem necessidade de ser ouvido. Quando envelhecemos, embora a gente tenha muita experi\u00eancia, ningu\u00e9m quer&hellip;","_links":{"self":[{"href":"https:\/\/quemcuidadocuidador.com.br\/index.php\/wp-json\/wp\/v2\/posts\/172"}],"collection":[{"href":"https:\/\/quemcuidadocuidador.com.br\/index.php\/wp-json\/wp\/v2\/posts"}],"about":[{"href":"https:\/\/quemcuidadocuidador.com.br\/index.php\/wp-json\/wp\/v2\/types\/post"}],"author":[{"embeddable":true,"href":"https:\/\/quemcuidadocuidador.com.br\/index.php\/wp-json\/wp\/v2\/users\/2"}],"replies":[{"embeddable":true,"href":"https:\/\/quemcuidadocuidador.com.br\/index.php\/wp-json\/wp\/v2\/comments?post=172"}],"version-history":[{"count":1,"href":"https:\/\/quemcuidadocuidador.com.br\/index.php\/wp-json\/wp\/v2\/posts\/172\/revisions"}],"predecessor-version":[{"id":174,"href":"https:\/\/quemcuidadocuidador.com.br\/index.php\/wp-json\/wp\/v2\/posts\/172\/revisions\/174"}],"wp:featuredmedia":[{"embeddable":true,"href":"https:\/\/quemcuidadocuidador.com.br\/index.php\/wp-json\/wp\/v2\/media\/173"}],"wp:attachment":[{"href":"https:\/\/quemcuidadocuidador.com.br\/index.php\/wp-json\/wp\/v2\/media?parent=172"}],"wp:term":[{"taxonomy":"category","embeddable":true,"href":"https:\/\/quemcuidadocuidador.com.br\/index.php\/wp-json\/wp\/v2\/categories?post=172"},{"taxonomy":"post_tag","embeddable":true,"href":"https:\/\/quemcuidadocuidador.com.br\/index.php\/wp-json\/wp\/v2\/tags?post=172"}],"curies":[{"name":"wp","href":"https:\/\/api.w.org\/{rel}","templated":true}]}}