{"id":164,"date":"2021-11-19T20:08:25","date_gmt":"2021-11-20T00:08:25","guid":{"rendered":"https:\/\/quemcuidadocuidador.com.br\/?p=164"},"modified":"2021-11-19T20:09:03","modified_gmt":"2021-11-20T00:09:03","slug":"em-busca-do-cuidador-qualificado","status":"publish","type":"post","link":"https:\/\/quemcuidadocuidador.com.br\/index.php\/2021\/11\/19\/em-busca-do-cuidador-qualificado\/","title":{"rendered":"Em busca do cuidador qualificado"},"content":{"rendered":"\n<p>Embora Cuidador j\u00e1 exista como profiss\u00e3o desde 2001, em C\u00e1ceres-MT \u2013 Brasil, ainda n\u00e3o existe nenhum curso profissionalizante. As pessoas que tem um poder aquisitivo melhor contratam para ser cuidador t\u00e9cnicos em enfermagem.<\/p>\n\n\n\n<p>Outros usam a intui\u00e7\u00e3o e contratam o vizinho pr\u00f3ximo que est\u00e1 precisando trabalhar e olha a pessoa doente com um pouco de humanidade. Eu como preciso constantemente de ajuda conto com o apoio, \u00e0s vezes, preciso for\u00e7ar um pouco a barra, das minhas irm\u00e3s.<\/p>\n\n\n\n<p>Aqui n\u00e3o preciso elencar que de vez em quando, as escolhas n\u00e3o s\u00e3o as melhores poss\u00edveis pois os jornais mostram com frequ\u00eancia crian\u00e7as e idosos sendo maltratados.<\/p>\n\n\n\n<p>Outra observa\u00e7\u00e3o feita por pessoas que contratam cuidadores \u00e9 que j\u00e1 aconteceram casos de o cuidador exagerar na dose do calmante, pois assim, a tarefa do cuidar fica mais f\u00e1cil.<\/p>\n\n\n\n<p>Uma alternativa paliativa seria tanto para quem quer ser cuidador, quanto para quem vai contratar um, ambos lerem o \u201d<a href=\"http:\/\/quemcuidadocuidador.com.br\/wp-content\/uploads\/2021\/11\/guia_pratico_cuidador.pdf\" data-type=\"URL\" data-id=\"http:\/\/quemcuidadocuidador.com.br\/wp-content\/uploads\/2021\/11\/guia_pratico_cuidador.pdf\" target=\"_blank\" rel=\"noreferrer noopener\">Guia pr\u00e1tico do cuidador<\/a>\u201d dispon\u00edvel no Minist\u00e9rio da Sa\u00fade e no meu blog. Pois l\u00e1 h\u00e1 informa\u00e7\u00f5es \u00fateis de quais os cuidados necess\u00e1rios se a pessoa \u00e9 idosa ou estiver acamada.<\/p>\n\n\n\n<p>Em rela\u00e7\u00e3o, as crian\u00e7as com defici\u00eancia intelectual, estas n\u00e3o foram contempladas nesse guia pr\u00e1tico do cuidador. Acaba sendo n\u00f3s que apresentamos quais os cuidados que devem ter com nossos filhos. Ora acertamos, ora erramos. Na maioria das vezes, estamos sempre s\u00f3, \u00e9 por isso que adoecemos, na condi\u00e7\u00e3o de cuidador(a).<\/p>\n\n\n\n<p>Portanto, acredito que est\u00e1 na hora da sociedade Cacerense se organizar para ser ofertado aqui, um curso profissionalizante. Para pessoas que realmente desejem ser cuidadoras. Al\u00e9m do desejo, precisam ter empatia pelo sofrimento do pr\u00f3ximo e queiram transformar a dor do outro. Sem essas qualidades \u00e9 imposs\u00edvel ser um bom cuidador.<\/p>\n\n\n\n<p>Neste momento, de dificuldades financeiras para tanta gente, seria a oportunidade de emprego, para alguns e a possibilidade de quem contrata um cuidador, se sentir mais confiante e seguro.<\/p>\n","protected":false},"excerpt":{"rendered":"<p>Embora Cuidador j\u00e1 exista como profiss\u00e3o desde 2001, em C\u00e1ceres-MT \u2013 Brasil, ainda n\u00e3o existe nenhum curso profissionalizante. As pessoas que tem um poder aquisitivo melhor contratam para ser cuidador t\u00e9cnicos em enfermagem. Outros usam a intui\u00e7\u00e3o e contratam o vizinho pr\u00f3ximo que est\u00e1 precisando trabalhar e olha a pessoa doente com um pouco de &hellip;<\/p>\n<p class=\"read-more\"> <a class=\"\" href=\"https:\/\/quemcuidadocuidador.com.br\/index.php\/2021\/11\/19\/em-busca-do-cuidador-qualificado\/\"> <span class=\"screen-reader-text\">Em busca do cuidador qualificado<\/span> Leia mais &raquo;<\/a><\/p>\n","protected":false},"author":2,"featured_media":165,"comment_status":"open","ping_status":"open","sticky":false,"template":"","format":"standard","meta":{"om_disable_all_campaigns":false,"_monsterinsights_skip_tracking":false,"_monsterinsights_sitenote_active":false,"_monsterinsights_sitenote_note":"","_monsterinsights_sitenote_category":0,"site-sidebar-layout":"","site-content-layout":"","ast-main-header-display":"","ast-hfb-above-header-display":"","ast-hfb-below-header-display":"","ast-hfb-mobile-header-display":"","site-post-title":"","ast-breadcrumbs-content":"","ast-featured-img":"","footer-sml-layout":"","theme-transparent-header-meta":"","adv-header-id-meta":"","stick-header-meta":"","header-above-stick-meta":"","header-main-stick-meta":"","header-below-stick-meta":""},"categories":[5],"tags":[],"uagb_featured_image_src":{"full":["https:\/\/quemcuidadocuidador.com.br\/wp-content\/uploads\/2021\/11\/blog-banner-caregiver-help-2.jpg",1205,803,false],"thumbnail":["https:\/\/quemcuidadocuidador.com.br\/wp-content\/uploads\/2021\/11\/blog-banner-caregiver-help-2-150x150.jpg",150,150,true],"medium":["https:\/\/quemcuidadocuidador.com.br\/wp-content\/uploads\/2021\/11\/blog-banner-caregiver-help-2-300x200.jpg",300,200,true],"medium_large":["https:\/\/quemcuidadocuidador.com.br\/wp-content\/uploads\/2021\/11\/blog-banner-caregiver-help-2-768x512.jpg",768,512,true],"large":["https:\/\/quemcuidadocuidador.com.br\/wp-content\/uploads\/2021\/11\/blog-banner-caregiver-help-2-1024x682.jpg",1024,682,true],"1536x1536":["https:\/\/quemcuidadocuidador.com.br\/wp-content\/uploads\/2021\/11\/blog-banner-caregiver-help-2.jpg",1205,803,false],"2048x2048":["https:\/\/quemcuidadocuidador.com.br\/wp-content\/uploads\/2021\/11\/blog-banner-caregiver-help-2.jpg",1205,803,false]},"uagb_author_info":{"display_name":"Cicera A Feitosa","author_link":"https:\/\/quemcuidadocuidador.com.br\/index.php\/author\/cicera\/"},"uagb_comment_info":1,"uagb_excerpt":"Embora Cuidador j\u00e1 exista como profiss\u00e3o desde 2001, em C\u00e1ceres-MT \u2013 Brasil, ainda n\u00e3o existe nenhum curso profissionalizante. As pessoas que tem um poder aquisitivo melhor contratam para ser cuidador t\u00e9cnicos em enfermagem. Outros usam a intui\u00e7\u00e3o e contratam o vizinho pr\u00f3ximo que est\u00e1 precisando trabalhar e olha a pessoa doente com um pouco de&hellip;","_links":{"self":[{"href":"https:\/\/quemcuidadocuidador.com.br\/index.php\/wp-json\/wp\/v2\/posts\/164"}],"collection":[{"href":"https:\/\/quemcuidadocuidador.com.br\/index.php\/wp-json\/wp\/v2\/posts"}],"about":[{"href":"https:\/\/quemcuidadocuidador.com.br\/index.php\/wp-json\/wp\/v2\/types\/post"}],"author":[{"embeddable":true,"href":"https:\/\/quemcuidadocuidador.com.br\/index.php\/wp-json\/wp\/v2\/users\/2"}],"replies":[{"embeddable":true,"href":"https:\/\/quemcuidadocuidador.com.br\/index.php\/wp-json\/wp\/v2\/comments?post=164"}],"version-history":[{"count":1,"href":"https:\/\/quemcuidadocuidador.com.br\/index.php\/wp-json\/wp\/v2\/posts\/164\/revisions"}],"predecessor-version":[{"id":167,"href":"https:\/\/quemcuidadocuidador.com.br\/index.php\/wp-json\/wp\/v2\/posts\/164\/revisions\/167"}],"wp:featuredmedia":[{"embeddable":true,"href":"https:\/\/quemcuidadocuidador.com.br\/index.php\/wp-json\/wp\/v2\/media\/165"}],"wp:attachment":[{"href":"https:\/\/quemcuidadocuidador.com.br\/index.php\/wp-json\/wp\/v2\/media?parent=164"}],"wp:term":[{"taxonomy":"category","embeddable":true,"href":"https:\/\/quemcuidadocuidador.com.br\/index.php\/wp-json\/wp\/v2\/categories?post=164"},{"taxonomy":"post_tag","embeddable":true,"href":"https:\/\/quemcuidadocuidador.com.br\/index.php\/wp-json\/wp\/v2\/tags?post=164"}],"curies":[{"name":"wp","href":"https:\/\/api.w.org\/{rel}","templated":true}]}}