{"id":159,"date":"2021-11-18T15:06:14","date_gmt":"2021-11-18T19:06:14","guid":{"rendered":"https:\/\/quemcuidadocuidador.com.br\/?p=159"},"modified":"2021-11-18T15:08:10","modified_gmt":"2021-11-18T19:08:10","slug":"feliz-aniversario","status":"publish","type":"post","link":"https:\/\/quemcuidadocuidador.com.br\/index.php\/2021\/11\/18\/feliz-aniversario\/","title":{"rendered":"Feliz Anivers\u00e1rio"},"content":{"rendered":"\n<p>Hoje \u00e9 o anivers\u00e1rio de meu pai 95 anos, quase um s\u00e9culo de vida. Acredito que talvez ele tenha vivido intensamente por 70 anos.&nbsp; Digo talvez porque sou eu que estou dizendo e n\u00e3o ele. Quando ele teve AVC aos 70 anos, embora seus pensamentos fossem l\u00facidos, nunca mais ele conseguiu express\u00e1-los com desenvoltura em palavras. Pois a parte do c\u00e9rebro que comanda a fala ficou prejudicada.<\/p>\n\n\n\n<p>Ele sempre foi lavrador, adorava consertar m\u00e1quinas de costura e armas de fogo, em tempos idos, nos finais de semana era cabeleireiro, amava ca\u00e7ar, em uma \u00e9poca em que essa atividade era permitida e tamb\u00e9m gostava de assistir jogo de futebol. Em cidades pequenas \u00e9 muito comum no domingo \u00e0 tarde ir para o campo assistir jogo.<\/p>\n\n\n\n<p>Entretanto, nos \u00faltimos vinte e cinco anos ele come\u00e7ou a morrer. E posso dizer que meu pai se adaptou ao m\u00e1ximo as novas condi\u00e7\u00f5es de vida. Pois nos primeiros setenta anos. Pelo menos os que estive por perto, jamais tinha visto ele pegar em uma vassoura, ou recolher uma roupa no varal. E depois do AVC ele passou a fazer estas atividades, sem que tivesse sido solicitado.<\/p>\n\n\n\n<p>Quando meu filho nasceu, penso que talvez tenha sido um brinquedo para ele. Nunca deixou Pedro guardar os brinquedos.<\/p>\n\n\n\n<p>Hoje Pedro o pega pela m\u00e3o e o ajuda a chegar no carro. Seus passos est\u00e3o curtinhos, todos os dias deseja ir embora para a casa dele. Durante a pandemia essa vontade de ir embora ficou mais intensa, pois n\u00e3o pod\u00edamos mais fazer os passeios de costume. Ent\u00e3o, por v\u00e1rias vezes precisei colocar travesseiros e edredons dentro do carro para ser a mudan\u00e7a e darmos uma volta pela cidade. Ao chegar em casa novamente j\u00e1 estava tudo bem.<\/p>\n\n\n\n<p>Al\u00e9m de seus passos curtos, agora ele n\u00e3o d\u00e1 mais conta d\u00e1 sua higiene pessoal, quando vai ao banheiro as paredes brancas, podem ser coloridas de amarelo. Com frequ\u00eancia sai feridas no bumbum. E qualquer pessoa que cuide de idoso sabe que com o tempo fica dif\u00edcil a cicatriza\u00e7\u00e3o. Parou de consumir os alimentos s\u00f3lidos, est\u00e1 na fase dos alimentos pastosos.<\/p>\n\n\n\n<p>Outra mudan\u00e7a marcante \u00e9 a pele, deixou de ser \u00e1spera, queimada de sol e com marcas do cabo de enxada na m\u00e3o. Agora, suas m\u00e3os s\u00e3o lisas e suaves ao toque, a pele \u00e9 fina e delicada, precisa de hidratante com frequ\u00eancia.<\/p>\n\n\n\n<p>Chegou tamb\u00e9m a fase dos del\u00edrios, o mais recorrente s\u00e3o homens a cavalo no port\u00e3o de casa, que querem entrar e isso o deixa alterado. Pois ele precisa ir at\u00e9 l\u00e1 para mand\u00e1-los embora. Penso que talvez seja as lembran\u00e7as da juventude no Cear\u00e1. Tamb\u00e9m faz parte dos del\u00edrios sempre achar que uma pessoa diferente em casa, vai roubar suas coisas.<\/p>\n\n\n\n<p>Mas, tem uma coisa que ele n\u00e3o perdeu, a vaidade. Sua barba precisa ser feita toda semana. Como \u00e9 careca, n\u00e3o fica sem boina de jeito nenhum. No dia que ele levanta da cama e aparece na sala sem ela, j\u00e1 sabemos que ele n\u00e3o est\u00e1 bem.<\/p>\n\n\n\n<p>Algo dif\u00edcil, meu pai continua sendo um cearense autorit\u00e1rio.&nbsp; E essa caracter\u00edstica com o passar do tempo ficou mais exacerbada. Pois nem sempre suas ordens atuais s\u00e3o execut\u00e1veis.<\/p>\n\n\n\n<p>Entretanto, ele sabe como salvar o dia. Diz um \u201cobigado viu\u201d t\u00e3o verdadeiro para uma x\u00edcara de caf\u00e9 e um prato de mingau, capaz de derreter qualquer raiva que ele tenha produzido anteriormente. E tem o sorriso mais genu\u00edno e verdadeiro para rir de qualquer coisa que voc\u00ea fa\u00e7a e de errado. \u00c9 alegre, sorridente e as crian\u00e7as gostam de brincar com ele.<\/p>\n\n\n\n<p>Sou a pessoa que mais conversa com ele. Procuro sempre fazer perguntas que ele possa responder com sim ou n\u00e3o.<\/p>\n\n\n\n<p>H\u00e1 vinte e cinco anos sinto saudades das nossas longas conversas. Mas aprendi a ler pele, boca, olhos e sil\u00eancio&#8230;<\/p>\n\n\n\n<p>Sei que n\u00e3o ir\u00e1s mais pisar a \u201cTerreiro duro\u201d, aquela sela que sua irm\u00e3 guardou por anos a fio, j\u00e1 foi carcomida pelo tempo. Qualquer dia desses vou para o Cear\u00e1 e caminharei pelo ch\u00e3o que voc\u00ea caminhou, talvez o vento, as ondas do mar e a energia deixada pelos ancestrais me conte as hist\u00f3rias que voc\u00ea n\u00e3o teve tempo de contar.<\/p>\n\n\n\n<p>H\u00e1 uma d\u00e9cada, quando minha m\u00e3e morreu, voc\u00ea ficou muito doente e pensei que iria morrer e n\u00e3o tinha condi\u00e7\u00f5es de lidar com outra perda.<\/p>\n\n\n\n<p>Hoje voc\u00ea precisa de ajuda para sentar, levantar e deitar. Desejo a voc\u00ea Feliz anivers\u00e1rio, afinal \u00e9 uma honra j\u00e1 ter vivido quase um s\u00e9culo de vida. Mas sinta-se \u00e0 vontade para sair de cena, quando quiser. Vou bater muitas palmas para voc\u00ea.<\/p>\n\n\n\n<p>Vou sempre me espelhar em sua resili\u00eancia e sil\u00eancio, para continuar a caminhada.<\/p>\n","protected":false},"excerpt":{"rendered":"<p>Hoje \u00e9 o anivers\u00e1rio de meu pai 95 anos, quase um s\u00e9culo de vida. Acredito que talvez ele tenha vivido intensamente por 70 anos.&nbsp; Digo talvez porque sou eu que estou dizendo e n\u00e3o ele. Quando ele teve AVC aos 70 anos, embora seus pensamentos fossem l\u00facidos, nunca mais ele conseguiu express\u00e1-los com desenvoltura em &hellip;<\/p>\n<p class=\"read-more\"> <a class=\"\" href=\"https:\/\/quemcuidadocuidador.com.br\/index.php\/2021\/11\/18\/feliz-aniversario\/\"> <span class=\"screen-reader-text\">Feliz Anivers\u00e1rio<\/span> Leia mais &raquo;<\/a><\/p>\n","protected":false},"author":2,"featured_media":160,"comment_status":"open","ping_status":"open","sticky":false,"template":"","format":"standard","meta":{"om_disable_all_campaigns":false,"_monsterinsights_skip_tracking":false,"_monsterinsights_sitenote_active":false,"_monsterinsights_sitenote_note":"","_monsterinsights_sitenote_category":0,"site-sidebar-layout":"","site-content-layout":"","ast-main-header-display":"","ast-hfb-above-header-display":"","ast-hfb-below-header-display":"","ast-hfb-mobile-header-display":"","site-post-title":"","ast-breadcrumbs-content":"","ast-featured-img":"","footer-sml-layout":"","theme-transparent-header-meta":"","adv-header-id-meta":"","stick-header-meta":"","header-above-stick-meta":"","header-main-stick-meta":"","header-below-stick-meta":""},"categories":[5],"tags":[],"uagb_featured_image_src":{"full":["https:\/\/quemcuidadocuidador.com.br\/wp-content\/uploads\/2021\/11\/pai.jpeg",720,1600,false],"thumbnail":["https:\/\/quemcuidadocuidador.com.br\/wp-content\/uploads\/2021\/11\/pai-150x150.jpeg",150,150,true],"medium":["https:\/\/quemcuidadocuidador.com.br\/wp-content\/uploads\/2021\/11\/pai-135x300.jpeg",135,300,true],"medium_large":["https:\/\/quemcuidadocuidador.com.br\/wp-content\/uploads\/2021\/11\/pai.jpeg",720,1600,false],"large":["https:\/\/quemcuidadocuidador.com.br\/wp-content\/uploads\/2021\/11\/pai-461x1024.jpeg",461,1024,true],"1536x1536":["https:\/\/quemcuidadocuidador.com.br\/wp-content\/uploads\/2021\/11\/pai-691x1536.jpeg",691,1536,true],"2048x2048":["https:\/\/quemcuidadocuidador.com.br\/wp-content\/uploads\/2021\/11\/pai.jpeg",720,1600,false]},"uagb_author_info":{"display_name":"Cicera A Feitosa","author_link":"https:\/\/quemcuidadocuidador.com.br\/index.php\/author\/cicera\/"},"uagb_comment_info":5,"uagb_excerpt":"Hoje \u00e9 o anivers\u00e1rio de meu pai 95 anos, quase um s\u00e9culo de vida. Acredito que talvez ele tenha vivido intensamente por 70 anos.&nbsp; Digo talvez porque sou eu que estou dizendo e n\u00e3o ele. Quando ele teve AVC aos 70 anos, embora seus pensamentos fossem l\u00facidos, nunca mais ele conseguiu express\u00e1-los com desenvoltura em&hellip;","_links":{"self":[{"href":"https:\/\/quemcuidadocuidador.com.br\/index.php\/wp-json\/wp\/v2\/posts\/159"}],"collection":[{"href":"https:\/\/quemcuidadocuidador.com.br\/index.php\/wp-json\/wp\/v2\/posts"}],"about":[{"href":"https:\/\/quemcuidadocuidador.com.br\/index.php\/wp-json\/wp\/v2\/types\/post"}],"author":[{"embeddable":true,"href":"https:\/\/quemcuidadocuidador.com.br\/index.php\/wp-json\/wp\/v2\/users\/2"}],"replies":[{"embeddable":true,"href":"https:\/\/quemcuidadocuidador.com.br\/index.php\/wp-json\/wp\/v2\/comments?post=159"}],"version-history":[{"count":1,"href":"https:\/\/quemcuidadocuidador.com.br\/index.php\/wp-json\/wp\/v2\/posts\/159\/revisions"}],"predecessor-version":[{"id":163,"href":"https:\/\/quemcuidadocuidador.com.br\/index.php\/wp-json\/wp\/v2\/posts\/159\/revisions\/163"}],"wp:featuredmedia":[{"embeddable":true,"href":"https:\/\/quemcuidadocuidador.com.br\/index.php\/wp-json\/wp\/v2\/media\/160"}],"wp:attachment":[{"href":"https:\/\/quemcuidadocuidador.com.br\/index.php\/wp-json\/wp\/v2\/media?parent=159"}],"wp:term":[{"taxonomy":"category","embeddable":true,"href":"https:\/\/quemcuidadocuidador.com.br\/index.php\/wp-json\/wp\/v2\/categories?post=159"},{"taxonomy":"post_tag","embeddable":true,"href":"https:\/\/quemcuidadocuidador.com.br\/index.php\/wp-json\/wp\/v2\/tags?post=159"}],"curies":[{"name":"wp","href":"https:\/\/api.w.org\/{rel}","templated":true}]}}