{"id":151,"date":"2021-11-13T07:40:04","date_gmt":"2021-11-13T11:40:04","guid":{"rendered":"https:\/\/quemcuidadocuidador.com.br\/?p=151"},"modified":"2021-11-16T19:21:32","modified_gmt":"2021-11-16T23:21:32","slug":"diagnostico-nao-e-destino","status":"publish","type":"post","link":"https:\/\/quemcuidadocuidador.com.br\/index.php\/2021\/11\/13\/diagnostico-nao-e-destino\/","title":{"rendered":"Diagn\u00f3stico n\u00e3o \u00e9 destino"},"content":{"rendered":"\n<p>Ouvi esta frase de um escritor que gosto muito, Fabricio Carpinejar. Ent\u00e3o pensei preciso dela emprestada. Mas sabe aquele empr\u00e9stimo que tu j\u00e1 est\u00e1s a usar quando comunica ao dono que vai usar, foi assim comigo.<\/p>\n\n\n\n<p>&nbsp;&nbsp;&nbsp;&nbsp;&nbsp;&nbsp;&nbsp;&nbsp;&nbsp;&nbsp;&nbsp; Meu filho Pedro tem 18 anos, e se tivesse acreditado nos diagn\u00f3sticos ouvido ao longo dos anos, talvez ele n\u00e3o fosse a pessoa que ele \u00e9 hoje, em uma consulta no auge das crises do meu filho e m\u00e9dico neuro pediatra sentenciou: normalmente os pais quando descobrem a doen\u00e7a fazem de tudo pelos filhos deficientes, mas com o passar do tempo os abandonam.<\/p>\n\n\n\n<p>&nbsp;&nbsp;&nbsp;&nbsp;&nbsp;&nbsp;&nbsp;&nbsp;&nbsp;&nbsp;&nbsp; Diagn\u00f3stico terr\u00edvel, ent\u00e3o eu disse n\u00e3o vou abandonar meu filho, afinal para ter ele j\u00e1 tinha deixado ir alguns sonhos, que davam sentido a minha vida, por acreditar que a vida dele era um projeto de vida e um sonho muito maior, que os anteriores. Hoje tenho certeza que n\u00e3o me enganei.<\/p>\n\n\n\n<p>\u00a0\u00a0\u00a0\u00a0\u00a0\u00a0\u00a0\u00a0\u00a0\u00a0\u00a0 Vivi e vivo o desespero de alguns momentos n\u00e3o saber qual a melhor atitude a tomar, vivi o luto de saber que a vida do meu filho n\u00e3o seria da forma como eu tinha sonhado que seria, enquanto ele estava na minha barriga.\u00a0 E lhe contava belas hist\u00f3rias sobre o mundo aqui fora e todas as aventuras que viver\u00edamos juntos. Adquiri algumas doen\u00e7as por sentir demais. Sofri a dor da rejei\u00e7\u00e3o vinda de parentes e amigos durante muito tempo, que o julgavam mal educado. Mas tamb\u00e9m aprendi a me afastar das pessoas t\u00f3xicas, com total convic\u00e7\u00e3o que elas \u00e9 que n\u00e3o mereciam estar pr\u00f3ximas de meu filho.<\/p>\n\n\n\n<p>&nbsp;&nbsp;&nbsp;&nbsp;&nbsp;&nbsp;&nbsp;&nbsp;&nbsp;&nbsp;&nbsp; Hoje, meu filho escolhe os amigos de um jeito t\u00e3o natural, que n\u00e3o me causa preocupa\u00e7\u00e3o.&nbsp; Tamb\u00e9m, pessoas h\u00e1, que a anos tenta se aproximar e ele mant\u00e9m a dist\u00e2ncia. Por outro lado, aqueles que ele gosta, consegue ganhar abra\u00e7os calorosos.<\/p>\n\n\n\n<p>&nbsp;&nbsp;&nbsp;&nbsp;&nbsp;&nbsp;&nbsp;&nbsp;&nbsp;&nbsp;&nbsp; N\u00e3o est\u00e1 alfabetizado, mas faz uma leitura de mundo e de pessoas surpreendentes. Distribui amor e alegria por onde passa. Fala com espontaneidade, \u00e9 um otimista nato, sonha sem fronteiras. N\u00e3o desiste do que quer. Tem certeza que ir\u00e1 aprender a juntar as letras e ler. O passar do tempo n\u00e3o o incomoda. \u00c9 um excelente inventador de hist\u00f3rias, com a habilidade de colocar as pessoas a sua volta como personagens. Enfim sabe prender a aten\u00e7\u00e3o dos ouvintes. Habilidade essa t\u00e3o almejada por muitos, ditos normais.<\/p>\n\n\n\n<p>&nbsp;A defici\u00eancia vem acompanhada de algumas limita\u00e7\u00f5es. Mas qualquer ser humano, se for honesto consigo mesmo sabe que possui alguma limita\u00e7\u00e3o. &nbsp;Talvez voc\u00eas possam me dizer ele n\u00e3o filtra o que diz. E da\u00ed? E n\u00f3s normais, quantas vezes adoecemos, por ficar remoendo aquilo que quer\u00edamos ter dito para o outro, e n\u00e3o dissemos.<\/p>\n\n\n\n<p>&nbsp;&nbsp;&nbsp;&nbsp;&nbsp;&nbsp;&nbsp;&nbsp;&nbsp;&nbsp;&nbsp; Portanto \u00e9 maravilhoso pensar que diagn\u00f3stico n\u00e3o \u00e9 destino, se eu tivesse ficado presa aos diagn\u00f3sticos que meu filho recebeu, ele hoje n\u00e3o seria essa pessoa alegre, sonhadora e iluminada, que \u00e9.<\/p>\n\n\n\n<p>E, eu n\u00e3o seria hoje, uma pessoa que percebo a dor do outro e me importo. Portanto m\u00e3es de filhos com defici\u00eancia, libertem-se dos diagn\u00f3sticos que seus filhos receberam e construam um destino que v\u00e1 al\u00e9m do julgamento das pessoas, extrapolem com seu filho todos os limites que pessoas limitadas tentam impor. Afinal de contas o universo \u00e9 t\u00e3o amplo, e sempre vamos encontrar pessoas e espa\u00e7os que acolhem a n\u00f3s e nossos filhos com calorosos abra\u00e7os.<\/p>\n\n\n\n<p>Ah! E o destino, este fica por conta das infinitas possibilidades&#8230;<\/p>\n","protected":false},"excerpt":{"rendered":"<p>Ouvi esta frase de um escritor que gosto muito, Fabricio Carpinejar. Ent\u00e3o pensei preciso dela emprestada. Mas sabe aquele empr\u00e9stimo que tu j\u00e1 est\u00e1s a usar quando comunica ao dono que vai usar, foi assim comigo. &nbsp;&nbsp;&nbsp;&nbsp;&nbsp;&nbsp;&nbsp;&nbsp;&nbsp;&nbsp;&nbsp; Meu filho Pedro tem 18 anos, e se tivesse acreditado nos diagn\u00f3sticos ouvido ao longo dos anos, talvez &hellip;<\/p>\n<p class=\"read-more\"> <a class=\"\" href=\"https:\/\/quemcuidadocuidador.com.br\/index.php\/2021\/11\/13\/diagnostico-nao-e-destino\/\"> <span class=\"screen-reader-text\">Diagn\u00f3stico n\u00e3o \u00e9 destino<\/span> Leia mais &raquo;<\/a><\/p>\n","protected":false},"author":2,"featured_media":152,"comment_status":"open","ping_status":"open","sticky":false,"template":"","format":"standard","meta":{"om_disable_all_campaigns":false,"_monsterinsights_skip_tracking":false,"_monsterinsights_sitenote_active":false,"_monsterinsights_sitenote_note":"","_monsterinsights_sitenote_category":0,"site-sidebar-layout":"","site-content-layout":"","ast-main-header-display":"","ast-hfb-above-header-display":"","ast-hfb-below-header-display":"","ast-hfb-mobile-header-display":"","site-post-title":"","ast-breadcrumbs-content":"","ast-featured-img":"","footer-sml-layout":"","theme-transparent-header-meta":"","adv-header-id-meta":"","stick-header-meta":"","header-above-stick-meta":"","header-main-stick-meta":"","header-below-stick-meta":""},"categories":[5],"tags":[],"uagb_featured_image_src":{"full":["https:\/\/quemcuidadocuidador.com.br\/wp-content\/uploads\/2021\/11\/foto-Pedro-e-eu.jpeg",960,1280,false],"thumbnail":["https:\/\/quemcuidadocuidador.com.br\/wp-content\/uploads\/2021\/11\/foto-Pedro-e-eu-150x150.jpeg",150,150,true],"medium":["https:\/\/quemcuidadocuidador.com.br\/wp-content\/uploads\/2021\/11\/foto-Pedro-e-eu-225x300.jpeg",225,300,true],"medium_large":["https:\/\/quemcuidadocuidador.com.br\/wp-content\/uploads\/2021\/11\/foto-Pedro-e-eu-768x1024.jpeg",768,1024,true],"large":["https:\/\/quemcuidadocuidador.com.br\/wp-content\/uploads\/2021\/11\/foto-Pedro-e-eu-768x1024.jpeg",768,1024,true],"1536x1536":["https:\/\/quemcuidadocuidador.com.br\/wp-content\/uploads\/2021\/11\/foto-Pedro-e-eu.jpeg",960,1280,false],"2048x2048":["https:\/\/quemcuidadocuidador.com.br\/wp-content\/uploads\/2021\/11\/foto-Pedro-e-eu.jpeg",960,1280,false]},"uagb_author_info":{"display_name":"Cicera A Feitosa","author_link":"https:\/\/quemcuidadocuidador.com.br\/index.php\/author\/cicera\/"},"uagb_comment_info":14,"uagb_excerpt":"Ouvi esta frase de um escritor que gosto muito, Fabricio Carpinejar. Ent\u00e3o pensei preciso dela emprestada. Mas sabe aquele empr\u00e9stimo que tu j\u00e1 est\u00e1s a usar quando comunica ao dono que vai usar, foi assim comigo. &nbsp;&nbsp;&nbsp;&nbsp;&nbsp;&nbsp;&nbsp;&nbsp;&nbsp;&nbsp;&nbsp; Meu filho Pedro tem 18 anos, e se tivesse acreditado nos diagn\u00f3sticos ouvido ao longo dos anos, talvez&hellip;","_links":{"self":[{"href":"https:\/\/quemcuidadocuidador.com.br\/index.php\/wp-json\/wp\/v2\/posts\/151"}],"collection":[{"href":"https:\/\/quemcuidadocuidador.com.br\/index.php\/wp-json\/wp\/v2\/posts"}],"about":[{"href":"https:\/\/quemcuidadocuidador.com.br\/index.php\/wp-json\/wp\/v2\/types\/post"}],"author":[{"embeddable":true,"href":"https:\/\/quemcuidadocuidador.com.br\/index.php\/wp-json\/wp\/v2\/users\/2"}],"replies":[{"embeddable":true,"href":"https:\/\/quemcuidadocuidador.com.br\/index.php\/wp-json\/wp\/v2\/comments?post=151"}],"version-history":[{"count":2,"href":"https:\/\/quemcuidadocuidador.com.br\/index.php\/wp-json\/wp\/v2\/posts\/151\/revisions"}],"predecessor-version":[{"id":155,"href":"https:\/\/quemcuidadocuidador.com.br\/index.php\/wp-json\/wp\/v2\/posts\/151\/revisions\/155"}],"wp:featuredmedia":[{"embeddable":true,"href":"https:\/\/quemcuidadocuidador.com.br\/index.php\/wp-json\/wp\/v2\/media\/152"}],"wp:attachment":[{"href":"https:\/\/quemcuidadocuidador.com.br\/index.php\/wp-json\/wp\/v2\/media?parent=151"}],"wp:term":[{"taxonomy":"category","embeddable":true,"href":"https:\/\/quemcuidadocuidador.com.br\/index.php\/wp-json\/wp\/v2\/categories?post=151"},{"taxonomy":"post_tag","embeddable":true,"href":"https:\/\/quemcuidadocuidador.com.br\/index.php\/wp-json\/wp\/v2\/tags?post=151"}],"curies":[{"name":"wp","href":"https:\/\/api.w.org\/{rel}","templated":true}]}}