{"id":148,"date":"2021-11-12T18:28:06","date_gmt":"2021-11-12T22:28:06","guid":{"rendered":"https:\/\/quemcuidadocuidador.com.br\/?p=148"},"modified":"2021-11-16T19:21:39","modified_gmt":"2021-11-16T23:21:39","slug":"os-fundamentos-do-cuidar","status":"publish","type":"post","link":"https:\/\/quemcuidadocuidador.com.br\/index.php\/2021\/11\/12\/os-fundamentos-do-cuidar\/","title":{"rendered":"Os fundamentos do cuidar"},"content":{"rendered":"\n<p>No filme \u201cThe fundamentals of caring\u201d temos o jovem Trevor cadeirante com DMD \u2013 Distrofia Muscular de Duchenne, de humor c\u00ednico, perspicaz e um cuidador vivenciando conflitos pessoas de perda e separa\u00e7\u00e3o, que acabou de fazer um curso de cuidador de seis semanas, com muita boa vontade e empatia, mas sem experi\u00eancia.<\/p>\n\n\n\n<p>Com coragem tamb\u00e9m, pois Benjamim sugere a Elza a m\u00e3e de Trevor, uma viagem. Enfrenta a resist\u00eancia de uma m\u00e3e que nunca tinha deixado o filho sair de casa, o lugar mais longe era ir \u00e0 pra\u00e7a uma vez por semana. A \u00fanica viagem tinha sido quando mudaram de cidade, de avi\u00e3o e bem dif\u00edcil. Outro argumento usado pela m\u00e3e foi que ele nunca tinha ficado longe de casa.<\/p>\n\n\n\n<p>&#8211; Est\u00e1 sugerindo ver um buraco negro na terra?! \u2013 Questiona a m\u00e3e.<\/p>\n\n\n\n<p>&#8211; Estou sugerindo que seu filho possa ver um pouco do mundo. \u2013 Argumenta o cuidador.<\/p>\n\n\n\n<p>Os dois partem em busca de pontos tur\u00edsticos e monumentos, mas tamb\u00e9m encontram amizade e esperan\u00e7a.&nbsp;<\/p>\n\n\n\n<p>Fico pensando a guerra interna vivenciada pela m\u00e3e, at\u00e9 o momento de dizer sim.<\/p>\n\n\n\n<p>Mas a parte que mais me tocou no filme foi no in\u00edcio durante o curso de forma\u00e7\u00e3o para cuidador quando a professora define de forma simples o que significa cuidar, como o cuidador deve agir e da import\u00e2ncia de n\u00e3o esquecermos que nossas necessidades de cuidador, s\u00e3o iguais as necessidades da pessoa de quem cuidamos. Fa\u00e7o aqui uma transcri\u00e7\u00e3o da fala da personagem.<\/p>\n\n\n\n<p>\u201cCuidar n\u00e3o trata apenas de cuidar, alimentar, vestir e limpar. Mas tamb\u00e9m se trata de<\/p>\n\n\n\n<p>De compreender como conduzir o relacionamento complicado entre aquele que cuida e aquele que precisa de cuidados. Quando se sentir perdido, frustrado e confuso, voltem para o conceito menem\u00f4nico.<\/p>\n\n\n\n<p>&nbsp;&nbsp;&nbsp;&nbsp;&nbsp;&nbsp;&nbsp;&nbsp;&nbsp;&nbsp;&nbsp; <strong>A<\/strong> \u2013 Ask<\/p>\n\n\n\n<p>&nbsp;&nbsp;&nbsp;&nbsp;&nbsp;&nbsp;&nbsp;&nbsp;&nbsp;&nbsp;&nbsp; <strong>L<\/strong> \u2013 Listen<\/p>\n\n\n\n<p>&nbsp;&nbsp;&nbsp;&nbsp;&nbsp;&nbsp;&nbsp;&nbsp;&nbsp;&nbsp;&nbsp; <strong>O<\/strong> \u2013 Observe<\/p>\n\n\n\n<p>&nbsp;&nbsp;&nbsp;&nbsp;&nbsp;&nbsp;&nbsp;&nbsp;&nbsp;&nbsp;&nbsp; <strong>H<\/strong> \u2013 Help<\/p>\n\n\n\n<p>&nbsp;&nbsp;&nbsp;&nbsp;&nbsp;&nbsp;&nbsp;&nbsp;&nbsp;&nbsp;&nbsp; <strong>A<\/strong> \u2013 Ask again<\/p>\n\n\n\n<p>&nbsp;&nbsp;&nbsp;&nbsp;&nbsp;&nbsp;&nbsp;&nbsp;&nbsp;&nbsp;&nbsp; <strong>P<\/strong> \u2013 Pergunte<\/p>\n\n\n\n<p>&nbsp;&nbsp;&nbsp;&nbsp;&nbsp;&nbsp;&nbsp;&nbsp;&nbsp;&nbsp;&nbsp; <strong>E<\/strong> \u2013 Escute<\/p>\n\n\n\n<p>&nbsp;&nbsp;&nbsp;&nbsp;&nbsp;&nbsp;&nbsp;&nbsp;&nbsp;&nbsp;&nbsp; <strong>O<\/strong> \u2013 Observe<\/p>\n\n\n\n<p>&nbsp;&nbsp;&nbsp;&nbsp;&nbsp;&nbsp;&nbsp;&nbsp;&nbsp;&nbsp;&nbsp; <strong>A <\/strong>\u2013 Ajude<\/p>\n\n\n\n<p>&nbsp;&nbsp;&nbsp;&nbsp;&nbsp;&nbsp;&nbsp;&nbsp;&nbsp;&nbsp;&nbsp; <strong>P<\/strong> \u2013 Pergunte novamente<\/p>\n\n\n\n<p>&nbsp;&nbsp;&nbsp;&nbsp;&nbsp;&nbsp;&nbsp;&nbsp;&nbsp;&nbsp;&nbsp; O essencial do cuidador \u00e9 cuidar, mas n\u00e3o cuidar demais. Se voc\u00ea quiser uma conviv\u00eancia duradoura de cuidador:<\/p>\n\n\n\n<p><strong>OS MANDAMENTOS DO CUIDADOR<\/strong><\/p>\n\n\n\n<ul><li>N\u00e3o consigo cuidar do outro, se n\u00e3o cuidar de mim, primeiro:<\/li><li>Minhas necessidades s\u00e3o iguais as necessidades da pessoa de quem eu estou cuidando:<\/li><li>Cuidar \u00e9 dif\u00edcil e tudo que eu posso fazer, \u00e9 dar o meu melhor e manter atitude positiva;<\/li><li>Pergunte, escute, observe, ajude e pergunte novamente.\u201d<\/li><\/ul>\n\n\n\n<p>Assistam ao filme, podemos melhorar a nossa pr\u00e1tica de cuidadores. Ou talvez, percebermos que ora podemos estar cuidando ora sendo cuidado.<\/p>\n","protected":false},"excerpt":{"rendered":"<p>No filme \u201cThe fundamentals of caring\u201d temos o jovem Trevor cadeirante com DMD \u2013 Distrofia Muscular de Duchenne, de humor c\u00ednico, perspicaz e um cuidador vivenciando conflitos pessoas de perda e separa\u00e7\u00e3o, que acabou de fazer um curso de cuidador de seis semanas, com muita boa vontade e empatia, mas sem experi\u00eancia. Com coragem tamb\u00e9m, &hellip;<\/p>\n<p class=\"read-more\"> <a class=\"\" href=\"https:\/\/quemcuidadocuidador.com.br\/index.php\/2021\/11\/12\/os-fundamentos-do-cuidar\/\"> <span class=\"screen-reader-text\">Os fundamentos do cuidar<\/span> Leia mais &raquo;<\/a><\/p>\n","protected":false},"author":2,"featured_media":149,"comment_status":"open","ping_status":"open","sticky":false,"template":"","format":"standard","meta":{"om_disable_all_campaigns":false,"_monsterinsights_skip_tracking":false,"_monsterinsights_sitenote_active":false,"_monsterinsights_sitenote_note":"","_monsterinsights_sitenote_category":0,"site-sidebar-layout":"","site-content-layout":"","ast-main-header-display":"","ast-hfb-above-header-display":"","ast-hfb-below-header-display":"","ast-hfb-mobile-header-display":"","site-post-title":"","ast-breadcrumbs-content":"","ast-featured-img":"","footer-sml-layout":"","theme-transparent-header-meta":"","adv-header-id-meta":"","stick-header-meta":"","header-above-stick-meta":"","header-main-stick-meta":"","header-below-stick-meta":""},"categories":[6,5],"tags":[],"uagb_featured_image_src":{"full":["https:\/\/quemcuidadocuidador.com.br\/wp-content\/uploads\/2021\/11\/imagem-the-fundamentals-of-caring.jpg",600,900,false],"thumbnail":["https:\/\/quemcuidadocuidador.com.br\/wp-content\/uploads\/2021\/11\/imagem-the-fundamentals-of-caring-150x150.jpg",150,150,true],"medium":["https:\/\/quemcuidadocuidador.com.br\/wp-content\/uploads\/2021\/11\/imagem-the-fundamentals-of-caring-200x300.jpg",200,300,true],"medium_large":["https:\/\/quemcuidadocuidador.com.br\/wp-content\/uploads\/2021\/11\/imagem-the-fundamentals-of-caring.jpg",600,900,false],"large":["https:\/\/quemcuidadocuidador.com.br\/wp-content\/uploads\/2021\/11\/imagem-the-fundamentals-of-caring.jpg",600,900,false],"1536x1536":["https:\/\/quemcuidadocuidador.com.br\/wp-content\/uploads\/2021\/11\/imagem-the-fundamentals-of-caring.jpg",600,900,false],"2048x2048":["https:\/\/quemcuidadocuidador.com.br\/wp-content\/uploads\/2021\/11\/imagem-the-fundamentals-of-caring.jpg",600,900,false]},"uagb_author_info":{"display_name":"Cicera A Feitosa","author_link":"https:\/\/quemcuidadocuidador.com.br\/index.php\/author\/cicera\/"},"uagb_comment_info":0,"uagb_excerpt":"No filme \u201cThe fundamentals of caring\u201d temos o jovem Trevor cadeirante com DMD \u2013 Distrofia Muscular de Duchenne, de humor c\u00ednico, perspicaz e um cuidador vivenciando conflitos pessoas de perda e separa\u00e7\u00e3o, que acabou de fazer um curso de cuidador de seis semanas, com muita boa vontade e empatia, mas sem experi\u00eancia. Com coragem tamb\u00e9m,&hellip;","_links":{"self":[{"href":"https:\/\/quemcuidadocuidador.com.br\/index.php\/wp-json\/wp\/v2\/posts\/148"}],"collection":[{"href":"https:\/\/quemcuidadocuidador.com.br\/index.php\/wp-json\/wp\/v2\/posts"}],"about":[{"href":"https:\/\/quemcuidadocuidador.com.br\/index.php\/wp-json\/wp\/v2\/types\/post"}],"author":[{"embeddable":true,"href":"https:\/\/quemcuidadocuidador.com.br\/index.php\/wp-json\/wp\/v2\/users\/2"}],"replies":[{"embeddable":true,"href":"https:\/\/quemcuidadocuidador.com.br\/index.php\/wp-json\/wp\/v2\/comments?post=148"}],"version-history":[{"count":1,"href":"https:\/\/quemcuidadocuidador.com.br\/index.php\/wp-json\/wp\/v2\/posts\/148\/revisions"}],"predecessor-version":[{"id":150,"href":"https:\/\/quemcuidadocuidador.com.br\/index.php\/wp-json\/wp\/v2\/posts\/148\/revisions\/150"}],"wp:featuredmedia":[{"embeddable":true,"href":"https:\/\/quemcuidadocuidador.com.br\/index.php\/wp-json\/wp\/v2\/media\/149"}],"wp:attachment":[{"href":"https:\/\/quemcuidadocuidador.com.br\/index.php\/wp-json\/wp\/v2\/media?parent=148"}],"wp:term":[{"taxonomy":"category","embeddable":true,"href":"https:\/\/quemcuidadocuidador.com.br\/index.php\/wp-json\/wp\/v2\/categories?post=148"},{"taxonomy":"post_tag","embeddable":true,"href":"https:\/\/quemcuidadocuidador.com.br\/index.php\/wp-json\/wp\/v2\/tags?post=148"}],"curies":[{"name":"wp","href":"https:\/\/api.w.org\/{rel}","templated":true}]}}