{"id":139,"date":"2021-11-12T17:45:22","date_gmt":"2021-11-12T21:45:22","guid":{"rendered":"https:\/\/quemcuidadocuidador.com.br\/?p=139"},"modified":"2021-11-16T19:21:59","modified_gmt":"2021-11-16T23:21:59","slug":"vos-sois-as-maos-de-cristo","status":"publish","type":"post","link":"https:\/\/quemcuidadocuidador.com.br\/index.php\/2021\/11\/12\/vos-sois-as-maos-de-cristo\/","title":{"rendered":"V\u00f3s sois as m\u00e3os de Cristo"},"content":{"rendered":"\n<p>Cristo n\u00e3o tem atualmente sobre a terra nem um outro corpo se n\u00e3o o teu;<\/p>\n\n\n\n<p>Outras m\u00e3os se n\u00e3o as tuas;<\/p>\n\n\n\n<p>Outros p\u00e9s se n\u00e3o os teus;<\/p>\n\n\n\n<p>Tu \u00e9s os olhos com os quais a compaix\u00e3o de Cristo deve olhar o mundo;<\/p>\n\n\n\n<p>Tu \u00e9s os p\u00e9s com os quais Ele deve ir fazendo o bem;<\/p>\n\n\n\n<p>Tu \u00e9s as m\u00e3os com as quais Ele deve aben\u00e7oar os homens de hoje.<\/p>\n\n\n\n<p><em>&nbsp;&nbsp;&nbsp;&nbsp;&nbsp;&nbsp;&nbsp;&nbsp;&nbsp;&nbsp;&nbsp;&nbsp;&nbsp;&nbsp;&nbsp;&nbsp;&nbsp;&nbsp;&nbsp;&nbsp;&nbsp;&nbsp;&nbsp;&nbsp;&nbsp;&nbsp;&nbsp;&nbsp;&nbsp;&nbsp;&nbsp;&nbsp;&nbsp;&nbsp;&nbsp;&nbsp;&nbsp;&nbsp;&nbsp;&nbsp;&nbsp;&nbsp;&nbsp;&nbsp;&nbsp;&nbsp;&nbsp;&nbsp;&nbsp; &nbsp;&nbsp;&nbsp;&nbsp;&nbsp;&nbsp;&nbsp;&nbsp;&nbsp;&nbsp;&nbsp;&nbsp;&nbsp;&nbsp;&nbsp;&nbsp;&nbsp;&nbsp;&nbsp;&nbsp;&nbsp;&nbsp;&nbsp;&nbsp;&nbsp;&nbsp;&nbsp;&nbsp;&nbsp;&nbsp;&nbsp;&nbsp;&nbsp;&nbsp;&nbsp;&nbsp;&nbsp;&nbsp;&nbsp;&nbsp;&nbsp;&nbsp;&nbsp;&nbsp;&nbsp;&nbsp;&nbsp;&nbsp;&nbsp;&nbsp;&nbsp;&nbsp;&nbsp;&nbsp;&nbsp;&nbsp;Santa Teresa D\u2019\u00c1vila<\/em><\/p>\n","protected":false},"excerpt":{"rendered":"<p>Cristo n\u00e3o tem atualmente sobre a terra nem um outro corpo se n\u00e3o o teu; Outras m\u00e3os se n\u00e3o as tuas; Outros p\u00e9s se n\u00e3o os teus; Tu \u00e9s os olhos com os quais a compaix\u00e3o de Cristo deve olhar o mundo; Tu \u00e9s os p\u00e9s com os quais Ele deve ir fazendo o bem; &hellip;<\/p>\n<p class=\"read-more\"> <a class=\"\" href=\"https:\/\/quemcuidadocuidador.com.br\/index.php\/2021\/11\/12\/vos-sois-as-maos-de-cristo\/\"> <span class=\"screen-reader-text\">V\u00f3s sois as m\u00e3os de Cristo<\/span> Leia mais &raquo;<\/a><\/p>\n","protected":false},"author":2,"featured_media":140,"comment_status":"open","ping_status":"open","sticky":false,"template":"","format":"standard","meta":{"om_disable_all_campaigns":false,"_monsterinsights_skip_tracking":false,"_monsterinsights_sitenote_active":false,"_monsterinsights_sitenote_note":"","_monsterinsights_sitenote_category":0,"site-sidebar-layout":"","site-content-layout":"","ast-main-header-display":"","ast-hfb-above-header-display":"","ast-hfb-below-header-display":"","ast-hfb-mobile-header-display":"","site-post-title":"","ast-breadcrumbs-content":"","ast-featured-img":"","footer-sml-layout":"","theme-transparent-header-meta":"","adv-header-id-meta":"","stick-header-meta":"","header-above-stick-meta":"","header-main-stick-meta":"","header-below-stick-meta":""},"categories":[5],"tags":[],"uagb_featured_image_src":{"full":["https:\/\/quemcuidadocuidador.com.br\/wp-content\/uploads\/2021\/11\/andrew-moca-olmY3NkTY_M-unsplash.jpg",1920,1280,false],"thumbnail":["https:\/\/quemcuidadocuidador.com.br\/wp-content\/uploads\/2021\/11\/andrew-moca-olmY3NkTY_M-unsplash-150x150.jpg",150,150,true],"medium":["https:\/\/quemcuidadocuidador.com.br\/wp-content\/uploads\/2021\/11\/andrew-moca-olmY3NkTY_M-unsplash-300x200.jpg",300,200,true],"medium_large":["https:\/\/quemcuidadocuidador.com.br\/wp-content\/uploads\/2021\/11\/andrew-moca-olmY3NkTY_M-unsplash-768x512.jpg",768,512,true],"large":["https:\/\/quemcuidadocuidador.com.br\/wp-content\/uploads\/2021\/11\/andrew-moca-olmY3NkTY_M-unsplash-1024x683.jpg",1024,683,true],"1536x1536":["https:\/\/quemcuidadocuidador.com.br\/wp-content\/uploads\/2021\/11\/andrew-moca-olmY3NkTY_M-unsplash-1536x1024.jpg",1536,1024,true],"2048x2048":["https:\/\/quemcuidadocuidador.com.br\/wp-content\/uploads\/2021\/11\/andrew-moca-olmY3NkTY_M-unsplash.jpg",1920,1280,false]},"uagb_author_info":{"display_name":"Cicera A Feitosa","author_link":"https:\/\/quemcuidadocuidador.com.br\/index.php\/author\/cicera\/"},"uagb_comment_info":2,"uagb_excerpt":"Cristo n\u00e3o tem atualmente sobre a terra nem um outro corpo se n\u00e3o o teu; Outras m\u00e3os se n\u00e3o as tuas; Outros p\u00e9s se n\u00e3o os teus; Tu \u00e9s os olhos com os quais a compaix\u00e3o de Cristo deve olhar o mundo; Tu \u00e9s os p\u00e9s com os quais Ele deve ir fazendo o bem;&hellip;","_links":{"self":[{"href":"https:\/\/quemcuidadocuidador.com.br\/index.php\/wp-json\/wp\/v2\/posts\/139"}],"collection":[{"href":"https:\/\/quemcuidadocuidador.com.br\/index.php\/wp-json\/wp\/v2\/posts"}],"about":[{"href":"https:\/\/quemcuidadocuidador.com.br\/index.php\/wp-json\/wp\/v2\/types\/post"}],"author":[{"embeddable":true,"href":"https:\/\/quemcuidadocuidador.com.br\/index.php\/wp-json\/wp\/v2\/users\/2"}],"replies":[{"embeddable":true,"href":"https:\/\/quemcuidadocuidador.com.br\/index.php\/wp-json\/wp\/v2\/comments?post=139"}],"version-history":[{"count":1,"href":"https:\/\/quemcuidadocuidador.com.br\/index.php\/wp-json\/wp\/v2\/posts\/139\/revisions"}],"predecessor-version":[{"id":141,"href":"https:\/\/quemcuidadocuidador.com.br\/index.php\/wp-json\/wp\/v2\/posts\/139\/revisions\/141"}],"wp:featuredmedia":[{"embeddable":true,"href":"https:\/\/quemcuidadocuidador.com.br\/index.php\/wp-json\/wp\/v2\/media\/140"}],"wp:attachment":[{"href":"https:\/\/quemcuidadocuidador.com.br\/index.php\/wp-json\/wp\/v2\/media?parent=139"}],"wp:term":[{"taxonomy":"category","embeddable":true,"href":"https:\/\/quemcuidadocuidador.com.br\/index.php\/wp-json\/wp\/v2\/categories?post=139"},{"taxonomy":"post_tag","embeddable":true,"href":"https:\/\/quemcuidadocuidador.com.br\/index.php\/wp-json\/wp\/v2\/tags?post=139"}],"curies":[{"name":"wp","href":"https:\/\/api.w.org\/{rel}","templated":true}]}}