{"id":1142,"date":"2026-04-25T08:29:48","date_gmt":"2026-04-25T12:29:48","guid":{"rendered":"https:\/\/quemcuidadocuidador.com.br\/?p=1142"},"modified":"2026-04-25T08:29:49","modified_gmt":"2026-04-25T12:29:49","slug":"o-cansaco-que-ninguem-ve","status":"publish","type":"post","link":"https:\/\/quemcuidadocuidador.com.br\/index.php\/2026\/04\/25\/o-cansaco-que-ninguem-ve\/","title":{"rendered":"O cansa\u00e7o que ningu\u00e9m v\u00ea"},"content":{"rendered":"\n<p>Ningu\u00e9m fala do momento em que o cuidador come\u00e7a a desaparecer.<\/p>\n\n\n\n<p>N\u00e3o \u00e9 de uma vez.<br>N\u00e3o \u00e9 um corte brusco.<\/p>\n\n\n\n<p>\u00c9 um ajuste.<\/p>\n\n\n\n<p>Depois outro.<br>E mais um.<\/p>\n\n\n\n<p>Voc\u00ea reorganiza o hor\u00e1rio.<br>Adapta a rotina.<br>Explica no trabalho.<br>Pede compreens\u00e3o.<\/p>\n\n\n\n<p>Por um tempo, ainda tenta sustentar quem era.<\/p>\n\n\n\n<p>At\u00e9 o dia em que n\u00e3o cabe mais.<\/p>\n\n\n\n<p>E voc\u00ea sai.<\/p>\n\n\n\n<p>Sai da profiss\u00e3o,<br>dos planos,<br>das vers\u00f5es de si que exigiam presen\u00e7a inteira.<\/p>\n\n\n\n<p>E ningu\u00e9m chama isso de perda.<\/p>\n\n\n\n<p>Chamam de amor.<br>De for\u00e7a.<br>De exemplo.<\/p>\n\n\n\n<p>Mas h\u00e1 um nome que n\u00e3o dizem:<\/p>\n\n\n\n<p><strong>ren\u00fancia cont\u00ednua.<\/strong><\/p>\n\n\n\n<p>Aos poucos, o seu nome muda.<\/p>\n\n\n\n<p>Voc\u00ea deixa de ser quem era<br>e passa a ser fun\u00e7\u00e3o.<\/p>\n\n\n\n<p>M\u00e3e.<br>Cuidadora.<br>Respons\u00e1vel.<\/p>\n\n\n\n<p>E tudo o que era seu<br>fica para depois.<\/p>\n\n\n\n<p>Depois da consulta.<br>Depois da terapia.<br>Depois da pr\u00f3xima urg\u00eancia que nunca espera.<\/p>\n\n\n\n<p>At\u00e9 que, um dia, o corpo interrompe.<\/p>\n\n\n\n<p>Era cinco da manh\u00e3.<\/p>\n\n\n\n<p>A dor veio no peito.<br>Forte.<br>Fechando a respira\u00e7\u00e3o.<\/p>\n\n\n\n<p>Qualquer pessoa sabe o que fazer.<\/p>\n\n\n\n<p>Ir para a UPA.<\/p>\n\n\n\n<p>Mas n\u00e3o havia com quem deixar Pedro.<\/p>\n\n\n\n<p>Pedro tem 23 anos.<\/p>\n\n\n\n<p>Essa semana, chegou uma carta do governo dizendo que ele pode tirar carteira de motorista de gra\u00e7a.<\/p>\n\n\n\n<p>Num mundo t\u00edpico,<br>ele poderia ser meu motorista.<br>Poderia me levar.<\/p>\n\n\n\n<p>Mas o Pedro n\u00e3o \u00e9 alfabetizado.<\/p>\n\n\n\n<p>N\u00e3o pode dirigir.<br>N\u00e3o pode ficar sozinho.<\/p>\n\n\n\n<p>E ent\u00e3o o que parece solu\u00e7\u00e3o<br>vira s\u00f3 mais uma dist\u00e2ncia.<\/p>\n\n\n\n<p>E o \u00f3bvio deixa de ser escolha.<\/p>\n\n\n\n<p>Voc\u00ea fica.<\/p>\n\n\n\n<p>Respira como d\u00e1.<br>Espera como pode.<\/p>\n\n\n\n<p>E entende, de um jeito que ningu\u00e9m ensina:<\/p>\n\n\n\n<p><strong>nem toda urg\u00eancia cabe no mundo real.<\/strong><\/p>\n\n\n\n<p>Dizem que tudo se resolve.<\/p>\n\n\n\n<p>Mas essa frase n\u00e3o atravessa certas madrugadas.<\/p>\n\n\n\n<p>Porque quem cuida vive num c\u00e1lculo constante<br>entre o pr\u00f3prio limite<br>e a impossibilidade de parar.<\/p>\n\n\n\n<p>E \u00e9 a\u00ed que o cansa\u00e7o se instala de vez:<\/p>\n\n\n\n<p>quando at\u00e9 o risco<br>precisa esperar.<\/p>\n\n\n\n<p>E mesmo quando eu tento entender o que est\u00e1 acontecendo,<br>organizar um pensamento,<br>dar nome ao que sinto \u2014<\/p>\n\n\n\n<p>a vida n\u00e3o pausa.<\/p>\n\n\n\n<p>Ainda est\u00e1 escuro.<\/p>\n\n\n\n<p>E o Pedro me chama.<\/p>\n\n\n\n<p>Quer sair.<br>Quer passear.<\/p>\n\n\n\n<p>E eu vou.<\/p>\n\n\n\n<p>Sem terminar o pensamento.<br>Sem concluir.<br>Sem saber explicar.<\/p>\n\n\n\n<p>Porque, para quem cuida,<br>at\u00e9 sentir<br>fica para depois.<\/p>\n","protected":false},"excerpt":{"rendered":"<p>Ningu\u00e9m fala do momento em que o cuidador come\u00e7a a desaparecer. N\u00e3o \u00e9 de uma vez.N\u00e3o \u00e9 um corte brusco. \u00c9 um ajuste. Depois outro.E mais um. Voc\u00ea reorganiza o hor\u00e1rio.Adapta a rotina.Explica no trabalho.Pede compreens\u00e3o. Por um tempo, ainda tenta sustentar quem era. At\u00e9 o dia em que n\u00e3o cabe mais. E voc\u00ea sai. &hellip;<\/p>\n<p class=\"read-more\"> <a class=\"\" href=\"https:\/\/quemcuidadocuidador.com.br\/index.php\/2026\/04\/25\/o-cansaco-que-ninguem-ve\/\"> <span class=\"screen-reader-text\">O cansa\u00e7o que ningu\u00e9m v\u00ea<\/span> Leia mais &raquo;<\/a><\/p>\n","protected":false},"author":2,"featured_media":1143,"comment_status":"open","ping_status":"open","sticky":false,"template":"","format":"standard","meta":{"om_disable_all_campaigns":false,"_monsterinsights_skip_tracking":false,"_monsterinsights_sitenote_active":false,"_monsterinsights_sitenote_note":"","_monsterinsights_sitenote_category":0,"site-sidebar-layout":"","site-content-layout":"","ast-main-header-display":"","ast-hfb-above-header-display":"","ast-hfb-below-header-display":"","ast-hfb-mobile-header-display":"","site-post-title":"","ast-breadcrumbs-content":"","ast-featured-img":"","footer-sml-layout":"","theme-transparent-header-meta":"","adv-header-id-meta":"","stick-header-meta":"","header-above-stick-meta":"","header-main-stick-meta":"","header-below-stick-meta":""},"categories":[5],"tags":[],"uagb_featured_image_src":{"full":["https:\/\/quemcuidadocuidador.com.br\/wp-content\/uploads\/2026\/04\/desaparecendo.jpg",1290,860,false],"thumbnail":["https:\/\/quemcuidadocuidador.com.br\/wp-content\/uploads\/2026\/04\/desaparecendo-150x150.jpg",150,150,true],"medium":["https:\/\/quemcuidadocuidador.com.br\/wp-content\/uploads\/2026\/04\/desaparecendo-300x200.jpg",300,200,true],"medium_large":["https:\/\/quemcuidadocuidador.com.br\/wp-content\/uploads\/2026\/04\/desaparecendo-768x512.jpg",768,512,true],"large":["https:\/\/quemcuidadocuidador.com.br\/wp-content\/uploads\/2026\/04\/desaparecendo-1024x683.jpg",1024,683,true],"1536x1536":["https:\/\/quemcuidadocuidador.com.br\/wp-content\/uploads\/2026\/04\/desaparecendo.jpg",1290,860,false],"2048x2048":["https:\/\/quemcuidadocuidador.com.br\/wp-content\/uploads\/2026\/04\/desaparecendo.jpg",1290,860,false]},"uagb_author_info":{"display_name":"Cicera A Feitosa","author_link":"https:\/\/quemcuidadocuidador.com.br\/index.php\/author\/cicera\/"},"uagb_comment_info":0,"uagb_excerpt":"Ningu\u00e9m fala do momento em que o cuidador come\u00e7a a desaparecer. N\u00e3o \u00e9 de uma vez.N\u00e3o \u00e9 um corte brusco. \u00c9 um ajuste. Depois outro.E mais um. Voc\u00ea reorganiza o hor\u00e1rio.Adapta a rotina.Explica no trabalho.Pede compreens\u00e3o. Por um tempo, ainda tenta sustentar quem era. At\u00e9 o dia em que n\u00e3o cabe mais. E voc\u00ea sai.&hellip;","_links":{"self":[{"href":"https:\/\/quemcuidadocuidador.com.br\/index.php\/wp-json\/wp\/v2\/posts\/1142"}],"collection":[{"href":"https:\/\/quemcuidadocuidador.com.br\/index.php\/wp-json\/wp\/v2\/posts"}],"about":[{"href":"https:\/\/quemcuidadocuidador.com.br\/index.php\/wp-json\/wp\/v2\/types\/post"}],"author":[{"embeddable":true,"href":"https:\/\/quemcuidadocuidador.com.br\/index.php\/wp-json\/wp\/v2\/users\/2"}],"replies":[{"embeddable":true,"href":"https:\/\/quemcuidadocuidador.com.br\/index.php\/wp-json\/wp\/v2\/comments?post=1142"}],"version-history":[{"count":1,"href":"https:\/\/quemcuidadocuidador.com.br\/index.php\/wp-json\/wp\/v2\/posts\/1142\/revisions"}],"predecessor-version":[{"id":1144,"href":"https:\/\/quemcuidadocuidador.com.br\/index.php\/wp-json\/wp\/v2\/posts\/1142\/revisions\/1144"}],"wp:featuredmedia":[{"embeddable":true,"href":"https:\/\/quemcuidadocuidador.com.br\/index.php\/wp-json\/wp\/v2\/media\/1143"}],"wp:attachment":[{"href":"https:\/\/quemcuidadocuidador.com.br\/index.php\/wp-json\/wp\/v2\/media?parent=1142"}],"wp:term":[{"taxonomy":"category","embeddable":true,"href":"https:\/\/quemcuidadocuidador.com.br\/index.php\/wp-json\/wp\/v2\/categories?post=1142"},{"taxonomy":"post_tag","embeddable":true,"href":"https:\/\/quemcuidadocuidador.com.br\/index.php\/wp-json\/wp\/v2\/tags?post=1142"}],"curies":[{"name":"wp","href":"https:\/\/api.w.org\/{rel}","templated":true}]}}