{"id":1082,"date":"2025-12-13T07:04:35","date_gmt":"2025-12-13T11:04:35","guid":{"rendered":"https:\/\/quemcuidadocuidador.com.br\/?p=1082"},"modified":"2025-12-13T07:04:36","modified_gmt":"2025-12-13T11:04:36","slug":"quando-o-sonho-vem-primeiro","status":"publish","type":"post","link":"https:\/\/quemcuidadocuidador.com.br\/index.php\/2025\/12\/13\/quando-o-sonho-vem-primeiro\/","title":{"rendered":"Quando o Sonho Vem Primeiro"},"content":{"rendered":"\n<p>Na Praia do Rosa, o vento fala em voz antiga. As ondas recitam hist\u00f3rias que talvez sejam mais velhas do que o tempo, e n\u00f3s, um grupo de aprendizes do sil\u00eancio, viemos escut\u00e1-las com James McSill \u2014 esse artes\u00e3o de palavras que nos ensina a transformar vida em literatura. O retiro \u00e9 mais do que um curso. \u00c9 um intervalo do mundo, uma pausa funda onde o cora\u00e7\u00e3o volta a ter som.<\/p>\n\n\n\n<p>Foi aqui, entre cadernos abertos e olhares atentos, que compreendi de novo que, quando n\u00e3o limitamos os nossos filhos, eles sonham onde n\u00f3s ainda n\u00e3o cheg\u00e1mos.<\/p>\n\n\n\n<p>Pedro, meu filho, est\u00e1 comigo. \u00c9 autista. Ainda n\u00e3o l\u00ea, mas compreende o invis\u00edvel com uma clareza que me desmonta. Entra na sala em sil\u00eancio, observa, escuta, respira o mesmo ar de hist\u00f3rias como quem j\u00e1 faz parte delas.<\/p>\n\n\n\n<p>Naquele dia, ele ficou num canto, sereno, presente \u2014 e de repente, disse, com a naturalidade de quem apenas constata o \u00f3bvio:<\/p>\n\n\n\n<p>\u201cEstou gostando da aula. Vou aprender a ler e escrever um livro.\u201d<\/p>\n\n\n\n<p>O tempo parou.<br>Poderia ter respondido com a prud\u00eancia das m\u00e3es: <em>\u201cfilho, um dia, quem sabe.\u201d<\/em><br>Mas calei-me. E escutei.<br>Porque \u00e0s vezes, tudo o que um filho precisa \u00e9 de espa\u00e7o.<\/p>\n\n\n\n<p>Espa\u00e7o para sonhar.<br>Espa\u00e7o para desejar.<br>Espa\u00e7o para imaginar-se capaz antes de o ser.<\/p>\n\n\n\n<p>Quando n\u00e3o encolhemos o mundo com os nossos medos, eles veem caminhos onde n\u00f3s s\u00f3 v\u00edamos muros.<br>Pedro ainda n\u00e3o l\u00ea, mas j\u00e1 se v\u00ea autor.<br>E isso, compreendi, \u00e9 o primeiro passo de qualquer cria\u00e7\u00e3o: ver-se capaz antes que os outros acreditem.<\/p>\n\n\n\n<p>Estar neste retiro \u2014 mergulhada em palavras, ouvindo sobre estrutura, conflito e transforma\u00e7\u00e3o \u2014 e, de repente, assistir a esse gesto nascido da alma de um menino, foi como ver a pr\u00f3pria literatura respirar.<br>A alma sabe antes.<br>O sonho vem antes da t\u00e9cnica.<\/p>\n\n\n\n<p>Pedro n\u00e3o pediu licen\u00e7a para sonhar.<br>Apenas disse: \u201cEu vou.\u201d<br>E nesse instante, percebi o verdadeiro trabalho de uma m\u00e3e: n\u00e3o \u00e9 ensinar o \u201ccomo\u201d, nem decidir o \u201cquando\u201d. \u00c9 proteger o solo onde uma frase como essa pode nascer.<\/p>\n\n\n\n<p>Hoje escrevo n\u00e3o como autora, mas como testemunha de um milagre discreto.<br>Sou filha de um filho que me ensinou a n\u00e3o limitar o sonho de ningu\u00e9m \u2014 nem o meu.<\/p>\n\n\n\n<p>Porque se um menino que ainda n\u00e3o decifra letras j\u00e1 sabe que pode escrever um livro,<br>ent\u00e3o quem somos n\u00f3s para duvidar do poder da palavra?<\/p>\n\n\n\n<p>\ud83d\udccd <strong>Retiro Liter\u00e1rio com James McSill<\/strong><br>\ud83d\udccd <strong>Praia do Rosa, Santa Catarina<\/strong><br>\ud83d\udccd <em><strong>Onde nascem hist\u00f3rias \u2014 inclusive as que ainda n\u00e3o sabem o pr\u00f3prio nome.<\/strong><\/em><\/p>\n\n\n\n<h3><strong>Depois do Sonho<\/strong><\/h3>\n\n\n\n<p>Desde aquele retiro, algo em mim mudou.<br>A coragem cresceu. A esperan\u00e7a deixou de ser teoria.<br>Entendi que permitir ao Pedro estar no mundo n\u00e3o \u00e9 exposi\u00e7\u00e3o \u2014 \u00e9 partilha.<br>Porque se o que for criado para ele puder ajudar outros,<br>ent\u00e3o n\u00e3o \u00e9 apenas um avan\u00e7o pessoal \u2014 \u00e9 uma semente de futuro.<\/p>\n\n\n\n<p>Se um gesto, um olhar, uma tecnologia ou uma palavra abrir caminho<br>para que outro autista se comunique, se expresse, se descubra,<br>ent\u00e3o j\u00e1 valeu.<\/p>\n\n\n\n<p>Pedro ensinou-me que quando o sonho vem primeiro,<br>o imposs\u00edvel apenas se atrasa \u2014 mas n\u00e3o desiste.<\/p>\n","protected":false},"excerpt":{"rendered":"<p>Na Praia do Rosa, o vento fala em voz antiga. As ondas recitam hist\u00f3rias que talvez sejam mais velhas do que o tempo, e n\u00f3s, um grupo de aprendizes do sil\u00eancio, viemos escut\u00e1-las com James McSill \u2014 esse artes\u00e3o de palavras que nos ensina a transformar vida em literatura. O retiro \u00e9 mais do que &hellip;<\/p>\n<p class=\"read-more\"> <a class=\"\" href=\"https:\/\/quemcuidadocuidador.com.br\/index.php\/2025\/12\/13\/quando-o-sonho-vem-primeiro\/\"> <span class=\"screen-reader-text\">Quando o Sonho Vem Primeiro<\/span> Leia mais &raquo;<\/a><\/p>\n","protected":false},"author":2,"featured_media":1083,"comment_status":"open","ping_status":"open","sticky":false,"template":"","format":"standard","meta":{"om_disable_all_campaigns":false,"_monsterinsights_skip_tracking":false,"_monsterinsights_sitenote_active":false,"_monsterinsights_sitenote_note":"","_monsterinsights_sitenote_category":0,"site-sidebar-layout":"","site-content-layout":"","ast-main-header-display":"","ast-hfb-above-header-display":"","ast-hfb-below-header-display":"","ast-hfb-mobile-header-display":"","site-post-title":"","ast-breadcrumbs-content":"","ast-featured-img":"","footer-sml-layout":"","theme-transparent-header-meta":"","adv-header-id-meta":"","stick-header-meta":"","header-above-stick-meta":"","header-main-stick-meta":"","header-below-stick-meta":""},"categories":[5],"tags":[],"uagb_featured_image_src":{"full":["https:\/\/quemcuidadocuidador.com.br\/wp-content\/uploads\/2025\/12\/WhatsApp-Image-2025-12-07-at-12.27.24.jpeg",1280,960,false],"thumbnail":["https:\/\/quemcuidadocuidador.com.br\/wp-content\/uploads\/2025\/12\/WhatsApp-Image-2025-12-07-at-12.27.24-150x150.jpeg",150,150,true],"medium":["https:\/\/quemcuidadocuidador.com.br\/wp-content\/uploads\/2025\/12\/WhatsApp-Image-2025-12-07-at-12.27.24-300x225.jpeg",300,225,true],"medium_large":["https:\/\/quemcuidadocuidador.com.br\/wp-content\/uploads\/2025\/12\/WhatsApp-Image-2025-12-07-at-12.27.24-768x576.jpeg",768,576,true],"large":["https:\/\/quemcuidadocuidador.com.br\/wp-content\/uploads\/2025\/12\/WhatsApp-Image-2025-12-07-at-12.27.24-1024x768.jpeg",1024,768,true],"1536x1536":["https:\/\/quemcuidadocuidador.com.br\/wp-content\/uploads\/2025\/12\/WhatsApp-Image-2025-12-07-at-12.27.24.jpeg",1280,960,false],"2048x2048":["https:\/\/quemcuidadocuidador.com.br\/wp-content\/uploads\/2025\/12\/WhatsApp-Image-2025-12-07-at-12.27.24.jpeg",1280,960,false]},"uagb_author_info":{"display_name":"Cicera A Feitosa","author_link":"https:\/\/quemcuidadocuidador.com.br\/index.php\/author\/cicera\/"},"uagb_comment_info":4,"uagb_excerpt":"Na Praia do Rosa, o vento fala em voz antiga. As ondas recitam hist\u00f3rias que talvez sejam mais velhas do que o tempo, e n\u00f3s, um grupo de aprendizes do sil\u00eancio, viemos escut\u00e1-las com James McSill \u2014 esse artes\u00e3o de palavras que nos ensina a transformar vida em literatura. O retiro \u00e9 mais do que&hellip;","_links":{"self":[{"href":"https:\/\/quemcuidadocuidador.com.br\/index.php\/wp-json\/wp\/v2\/posts\/1082"}],"collection":[{"href":"https:\/\/quemcuidadocuidador.com.br\/index.php\/wp-json\/wp\/v2\/posts"}],"about":[{"href":"https:\/\/quemcuidadocuidador.com.br\/index.php\/wp-json\/wp\/v2\/types\/post"}],"author":[{"embeddable":true,"href":"https:\/\/quemcuidadocuidador.com.br\/index.php\/wp-json\/wp\/v2\/users\/2"}],"replies":[{"embeddable":true,"href":"https:\/\/quemcuidadocuidador.com.br\/index.php\/wp-json\/wp\/v2\/comments?post=1082"}],"version-history":[{"count":1,"href":"https:\/\/quemcuidadocuidador.com.br\/index.php\/wp-json\/wp\/v2\/posts\/1082\/revisions"}],"predecessor-version":[{"id":1084,"href":"https:\/\/quemcuidadocuidador.com.br\/index.php\/wp-json\/wp\/v2\/posts\/1082\/revisions\/1084"}],"wp:featuredmedia":[{"embeddable":true,"href":"https:\/\/quemcuidadocuidador.com.br\/index.php\/wp-json\/wp\/v2\/media\/1083"}],"wp:attachment":[{"href":"https:\/\/quemcuidadocuidador.com.br\/index.php\/wp-json\/wp\/v2\/media?parent=1082"}],"wp:term":[{"taxonomy":"category","embeddable":true,"href":"https:\/\/quemcuidadocuidador.com.br\/index.php\/wp-json\/wp\/v2\/categories?post=1082"},{"taxonomy":"post_tag","embeddable":true,"href":"https:\/\/quemcuidadocuidador.com.br\/index.php\/wp-json\/wp\/v2\/tags?post=1082"}],"curies":[{"name":"wp","href":"https:\/\/api.w.org\/{rel}","templated":true}]}}