{"id":1078,"date":"2025-11-29T06:11:11","date_gmt":"2025-11-29T10:11:11","guid":{"rendered":"https:\/\/quemcuidadocuidador.com.br\/?p=1078"},"modified":"2025-11-29T06:11:12","modified_gmt":"2025-11-29T10:11:12","slug":"as-palavras-mudam-da-anormalidade-a-neurodivergencia","status":"publish","type":"post","link":"https:\/\/quemcuidadocuidador.com.br\/index.php\/2025\/11\/29\/as-palavras-mudam-da-anormalidade-a-neurodivergencia\/","title":{"rendered":"As palavras mudam: da Anormalidade \u00e0 Neurodiverg\u00eancia"},"content":{"rendered":"\n<p>Durante muito tempo, falar sobre defici\u00eancia significava falar sobre&nbsp;<strong>desvio<\/strong>.<br>N\u00e3o desvio como singularidade, mas como&nbsp;<strong>falha<\/strong>&nbsp;\u2014 algo que precisava ser corrigido, escondido, consertado.<br>As palavras eram afiadas, e ningu\u00e9m percebia o corte.<br>\u201cAnormal.\u201d \u201cDefeituoso.\u201d \u201cIncapaz.\u201d \u201cRetardado.\u201d \u201cMongoloide.\u201d<br>Termos que hoje soam grotescos j\u00e1 foram usados com a naturalidade de quem descrevia o c\u00e9u azul.<\/p>\n\n\n\n<p>N\u00e3o era apenas linguagem: era&nbsp;<strong>ideologia<\/strong>.<br>Uma sociedade que dizia, sem pudor, quem merecia vida plena \u2014 e quem deveria se ajustar.<\/p>\n\n\n\n<p>Depois vieram os nomes m\u00e9dicos e pedag\u00f3gicos.<br>Pareciam mais neutros, mais t\u00e9cnicos: \u201cdeficiente\u201d, \u201cportador de necessidades especiais\u201d, \u201cexcepcional\u201d.<br>A linguagem passou da agress\u00e3o para a&nbsp;<strong>benevol\u00eancia for\u00e7ada<\/strong>.<br>A pessoa deixou de ser \u201cerro\u201d para virar&nbsp;<strong>objeto de compaix\u00e3o<\/strong>.<br>Ainda assim, continuava prisioneira no mesmo lugar: o da insufici\u00eancia.<\/p>\n\n\n\n<p>Era preciso adaptar-se, depender, agradecer.<br>As institui\u00e7\u00f5es se propunham a acolher, mas a porta trazia uma regra escondida:<\/p>\n\n\n\n<p>\u201cEntre, mas sem incomodar o padr\u00e3o.\u201d<\/p>\n\n\n\n<p>O s\u00e9culo XXI trouxe uma virada.<br>A&nbsp;<strong>Conven\u00e7\u00e3o da ONU<\/strong>&nbsp;e a&nbsp;<strong>Lei Brasileira de Inclus\u00e3o<\/strong>&nbsp;colocaram em primeiro plano a no\u00e7\u00e3o de&nbsp;<strong>pessoa<\/strong>&nbsp;\u2014 e n\u00e3o de defeito.<\/p>\n\n\n\n<p>\u201cPessoa com defici\u00eancia.\u201d<\/p>\n\n\n\n<p>Simples. Direto. Revolucion\u00e1rio.<br>A palavra&nbsp;<em>pessoa<\/em>&nbsp;vem primeiro porque a dignidade humana vem antes de qualquer condi\u00e7\u00e3o.<br>A defici\u00eancia n\u00e3o define car\u00e1ter, hist\u00f3ria ou pot\u00eancia.<br>N\u00e3o \u00e9 identidade total \u2014 \u00e9 apenas uma das formas da experi\u00eancia humana.<\/p>\n\n\n\n<p>O problema deixa de ser o corpo e passa a ser a&nbsp;<strong>barreira social<\/strong>: arquitet\u00f4nica, pedag\u00f3gica, cultural, afetiva.<\/p>\n\n\n\n<p>E ent\u00e3o surge um novo horizonte: a&nbsp;<strong>neurodiversidade<\/strong>.<br>N\u00e3o \u00e9 uma corre\u00e7\u00e3o m\u00e9dica para o autismo, o TDAH, a dislexia.<br>N\u00e3o tenta fabricar normalidade \u2014 reconhece&nbsp;<strong>varia\u00e7\u00e3o<\/strong>.<br>Neurodivergente n\u00e3o significa \u201cquem falhou em ser neurot\u00edpico\u201d,<br>mas \u201cquem percebe, sente e processa a vida de outro modo\u201d.<\/p>\n\n\n\n<p>\u00c9 uma linguagem que tira a pessoa da categoria do defeito e a coloca no campo da&nbsp;<strong>pluralidade humana<\/strong>.<\/p>\n\n\n\n<p>A diferen\u00e7a entre&nbsp;<em>normal<\/em>&nbsp;e&nbsp;<em>comum<\/em>&nbsp;tamb\u00e9m precisa de cuidado.<br><em>Normal<\/em>&nbsp;\u00e9 o que cabe numa norma \u2014 e toda norma \u00e9 pol\u00edtica.<br><em>Comum<\/em>&nbsp;\u00e9 o que acontece com frequ\u00eancia, n\u00e3o o que \u00e9 superior.<\/p>\n\n\n\n<p>Muitas viol\u00eancias s\u00e3o comuns; poucas s\u00e3o normais.<br>Muitas experi\u00eancias s\u00e3o comuns; quase nenhuma \u00e9 igual.<\/p>\n\n\n\n<p>Quando algu\u00e9m diz \u201cessa pessoa \u00e9 normal\u201d, cria o oposto: a que&nbsp;<strong>n\u00e3o \u00e9<\/strong>.<br>Quando algu\u00e9m diz \u201cessa pessoa \u00e9 comum\u201d, descreve um fato sem hierarquia.<\/p>\n\n\n\n<p>As palavras n\u00e3o s\u00e3o apenas vocabul\u00e1rio.<br>Elas moldam o modo como crian\u00e7as s\u00e3o tratadas, como m\u00e3es s\u00e3o culpadas, como corpos s\u00e3o julgados.<br>Definem o espa\u00e7o que cada pessoa tem para existir.<\/p>\n\n\n\n<p>Mudamos de nome porque mudamos de vis\u00e3o \u2014 e essa mudan\u00e7a \u00e9&nbsp;<strong>avan\u00e7o civilizat\u00f3rio<\/strong>.<br>Mas ela s\u00f3 \u00e9 verdadeira quando a linguagem deixa de ser etiqueta e se torna&nbsp;<strong>respeito<\/strong>.<\/p>\n\n\n\n<p>Hoje, podemos dizer \u201cpessoa com defici\u00eancia\u201d, \u201cpessoa autista\u201d, \u201cneurodivergente\u201d.<br>Isso n\u00e3o \u00e9 frescura.<br>\u00c9 a escolha de olhar para a vida com&nbsp;<strong>olhos menos violentos<\/strong>.<\/p>\n\n\n\n<p>A hist\u00f3ria ensinou:<\/p>\n\n\n\n<p>quem controla as palavras, controla o destino.<\/p>\n\n\n\n<p>E desta vez, s\u00e3o as pr\u00f3prias pessoas \u2014 antes silenciadas \u2014<br>que reescrevem as palavras e, com elas, o mundo.<\/p>\n","protected":false},"excerpt":{"rendered":"<p>Durante muito tempo, falar sobre defici\u00eancia significava falar sobre&nbsp;desvio.N\u00e3o desvio como singularidade, mas como&nbsp;falha&nbsp;\u2014 algo que precisava ser corrigido, escondido, consertado.As palavras eram afiadas, e ningu\u00e9m percebia o corte.\u201cAnormal.\u201d \u201cDefeituoso.\u201d \u201cIncapaz.\u201d \u201cRetardado.\u201d \u201cMongoloide.\u201dTermos que hoje soam grotescos j\u00e1 foram usados com a naturalidade de quem descrevia o c\u00e9u azul. N\u00e3o era apenas linguagem: era&nbsp;ideologia.Uma sociedade &hellip;<\/p>\n<p class=\"read-more\"> <a class=\"\" href=\"https:\/\/quemcuidadocuidador.com.br\/index.php\/2025\/11\/29\/as-palavras-mudam-da-anormalidade-a-neurodivergencia\/\"> <span class=\"screen-reader-text\">As palavras mudam: da Anormalidade \u00e0 Neurodiverg\u00eancia<\/span> Leia mais &raquo;<\/a><\/p>\n","protected":false},"author":2,"featured_media":1079,"comment_status":"open","ping_status":"open","sticky":false,"template":"","format":"standard","meta":{"om_disable_all_campaigns":false,"_monsterinsights_skip_tracking":false,"_monsterinsights_sitenote_active":false,"_monsterinsights_sitenote_note":"","_monsterinsights_sitenote_category":0,"site-sidebar-layout":"","site-content-layout":"","ast-main-header-display":"","ast-hfb-above-header-display":"","ast-hfb-below-header-display":"","ast-hfb-mobile-header-display":"","site-post-title":"","ast-breadcrumbs-content":"","ast-featured-img":"","footer-sml-layout":"","theme-transparent-header-meta":"","adv-header-id-meta":"","stick-header-meta":"","header-above-stick-meta":"","header-main-stick-meta":"","header-below-stick-meta":""},"categories":[5],"tags":[],"uagb_featured_image_src":{"full":["https:\/\/quemcuidadocuidador.com.br\/wp-content\/uploads\/2025\/11\/WhatsApp-Image-2025-11-29-at-06.01.28.jpeg",1200,1600,false],"thumbnail":["https:\/\/quemcuidadocuidador.com.br\/wp-content\/uploads\/2025\/11\/WhatsApp-Image-2025-11-29-at-06.01.28-150x150.jpeg",150,150,true],"medium":["https:\/\/quemcuidadocuidador.com.br\/wp-content\/uploads\/2025\/11\/WhatsApp-Image-2025-11-29-at-06.01.28-225x300.jpeg",225,300,true],"medium_large":["https:\/\/quemcuidadocuidador.com.br\/wp-content\/uploads\/2025\/11\/WhatsApp-Image-2025-11-29-at-06.01.28-768x1024.jpeg",768,1024,true],"large":["https:\/\/quemcuidadocuidador.com.br\/wp-content\/uploads\/2025\/11\/WhatsApp-Image-2025-11-29-at-06.01.28-768x1024.jpeg",768,1024,true],"1536x1536":["https:\/\/quemcuidadocuidador.com.br\/wp-content\/uploads\/2025\/11\/WhatsApp-Image-2025-11-29-at-06.01.28-1152x1536.jpeg",1152,1536,true],"2048x2048":["https:\/\/quemcuidadocuidador.com.br\/wp-content\/uploads\/2025\/11\/WhatsApp-Image-2025-11-29-at-06.01.28.jpeg",1200,1600,false]},"uagb_author_info":{"display_name":"Cicera A Feitosa","author_link":"https:\/\/quemcuidadocuidador.com.br\/index.php\/author\/cicera\/"},"uagb_comment_info":3,"uagb_excerpt":"Durante muito tempo, falar sobre defici\u00eancia significava falar sobre&nbsp;desvio.N\u00e3o desvio como singularidade, mas como&nbsp;falha&nbsp;\u2014 algo que precisava ser corrigido, escondido, consertado.As palavras eram afiadas, e ningu\u00e9m percebia o corte.\u201cAnormal.\u201d \u201cDefeituoso.\u201d \u201cIncapaz.\u201d \u201cRetardado.\u201d \u201cMongoloide.\u201dTermos que hoje soam grotescos j\u00e1 foram usados com a naturalidade de quem descrevia o c\u00e9u azul. N\u00e3o era apenas linguagem: era&nbsp;ideologia.Uma sociedade&hellip;","_links":{"self":[{"href":"https:\/\/quemcuidadocuidador.com.br\/index.php\/wp-json\/wp\/v2\/posts\/1078"}],"collection":[{"href":"https:\/\/quemcuidadocuidador.com.br\/index.php\/wp-json\/wp\/v2\/posts"}],"about":[{"href":"https:\/\/quemcuidadocuidador.com.br\/index.php\/wp-json\/wp\/v2\/types\/post"}],"author":[{"embeddable":true,"href":"https:\/\/quemcuidadocuidador.com.br\/index.php\/wp-json\/wp\/v2\/users\/2"}],"replies":[{"embeddable":true,"href":"https:\/\/quemcuidadocuidador.com.br\/index.php\/wp-json\/wp\/v2\/comments?post=1078"}],"version-history":[{"count":1,"href":"https:\/\/quemcuidadocuidador.com.br\/index.php\/wp-json\/wp\/v2\/posts\/1078\/revisions"}],"predecessor-version":[{"id":1080,"href":"https:\/\/quemcuidadocuidador.com.br\/index.php\/wp-json\/wp\/v2\/posts\/1078\/revisions\/1080"}],"wp:featuredmedia":[{"embeddable":true,"href":"https:\/\/quemcuidadocuidador.com.br\/index.php\/wp-json\/wp\/v2\/media\/1079"}],"wp:attachment":[{"href":"https:\/\/quemcuidadocuidador.com.br\/index.php\/wp-json\/wp\/v2\/media?parent=1078"}],"wp:term":[{"taxonomy":"category","embeddable":true,"href":"https:\/\/quemcuidadocuidador.com.br\/index.php\/wp-json\/wp\/v2\/categories?post=1078"},{"taxonomy":"post_tag","embeddable":true,"href":"https:\/\/quemcuidadocuidador.com.br\/index.php\/wp-json\/wp\/v2\/tags?post=1078"}],"curies":[{"name":"wp","href":"https:\/\/api.w.org\/{rel}","templated":true}]}}