{"id":1074,"date":"2025-11-22T15:16:14","date_gmt":"2025-11-22T19:16:14","guid":{"rendered":"https:\/\/quemcuidadocuidador.com.br\/?p=1074"},"modified":"2025-11-22T15:16:16","modified_gmt":"2025-11-22T19:16:16","slug":"pertencer-consciencia-negra","status":"publish","type":"post","link":"https:\/\/quemcuidadocuidador.com.br\/index.php\/2025\/11\/22\/pertencer-consciencia-negra\/","title":{"rendered":"Pertencer \u2014 Consci\u00eancia Negra"},"content":{"rendered":"\n<p>Dia 20 de novembro de 2025 vivi algo que ainda ecoa em mim. Participei do Evento da Consci\u00eancia Negra em C\u00e1ceres, preparado com tanto cuidado pela comiss\u00e3o: Marcela Profeta Ribeiro Pinho, Mirian Paula Profeta Ribeiro, D\u00e9lia Rojas, Graciele Almeida, Cleusa Cruz Nenes, Fagner Luiz da Silva e Vanessa da Cruz Fonseca que parecia mais um abra\u00e7o do que uma celebra\u00e7\u00e3o. Tudo ali era gesto de amor: o caf\u00e9 da manh\u00e3, o som, o toque, o cheiro, as cores.<\/p>\n\n\n\n<p>Enquanto os biscoitos e o bolo de milho passavam de m\u00e3o em m\u00e3o, acompanhados por ch\u00e1, alo\u00e1 e sucos variados, ouvi hist\u00f3rias de Vila Bela da Sant\u00edssima Trindade \u2014 terra onde a ancestralidade africana n\u00e3o \u00e9 lembran\u00e7a, mas presen\u00e7a. Falaram da Rainha Tereza de Benguela, narrada por Jo\u00e3ozinho Trinta com tamanha for\u00e7a que, por um instante, pude imagin\u00e1-la caminhando entre n\u00f3s: o turbante na cabe\u00e7a, o olhar firme, o povo ao redor, a sabedoria no corpo.<\/p>\n\n\n\n<p>Depois veio o <strong>chorado<\/strong>. As mulheres dan\u00e7avam como quem reza com os p\u00e9s. Havia algo de sagrado naquele movimento lento e forte, um jeito de transformar dor em resist\u00eancia. Entre as barracas, m\u00e3os habilidosas tran\u00e7avam cabelos e hist\u00f3rias. Aprendi que nas tran\u00e7as cabiam mapas, sementes, rotas de fuga. Que cada fio era um testemunho da intelig\u00eancia e da f\u00e9 de quem sobreviveu.<\/p>\n\n\n\n<p>Quando come\u00e7ou a roda de capoeira, o ar mudou.<br>N\u00e3o sei dizer quais instrumentos tocavam \u2014 talvez berimbau, talvez s\u00f3 o batuque das m\u00e3os \u2014, mas o som reverberava no peito como um segundo cora\u00e7\u00e3o. O ritmo atravessava o corpo e fazia vibrar algo antigo, dif\u00edcil de nomear. Era como se o ch\u00e3o tamb\u00e9m respirasse.<\/p>\n\n\n\n<p>E ent\u00e3o veio o cheiro da feijoada, espalhando-se entre mesas e risadas. Crian\u00e7as brincavam, mulheres circulavam com roupas t\u00edpicas, e uma senhora chamada Dona Nem\u00e9zia, ao ajeitar um turbante vermelho na cabe\u00e7a de uma jovem, disse com voz mansa:<br>\u2014 <em>O turbante \u00e9 a coroa da mulher negra. Um s\u00edmbolo de beleza, reconcilia\u00e7\u00e3o, apoio e valoriza\u00e7\u00e3o.<\/em><\/p>\n\n\n\n<p>Foi ali que algo dentro de mim se moveu.<br>Percebi o quanto esse povo sabe acolher \u2014 o cuidado, o respeito, o carinho. O esfor\u00e7o para manter viva cada tradi\u00e7\u00e3o, cada prato, cada gesto que conta uma hist\u00f3ria.<br>E uma pergunta me atravessou, sem aviso:<br><em>como n\u00f3s, por tanto tempo, fomos ensinados a esquecer o que nos faz ser quem somos?<\/em><\/p>\n\n\n\n<p>Talvez o que vibrou naquele dia n\u00e3o tenha sido apenas m\u00fasica.<br>Foi pertencimento.<br>Foi emo\u00e7\u00e3o pura, ancestral, feita de terra, suor e amor.<br>Mas tamb\u00e9m foi um grito \u2014 silencioso e firme \u2014 por dignidade.<br>Cada gesto, cada canto, cada corpo em movimento lembrava que celebrar \u00e9 tamb\u00e9m reivindicar: o direito \u00e0 educa\u00e7\u00e3o, \u00e0 cultura, \u00e0 igualdade, ao respeito.<br>Esses direitos n\u00e3o s\u00e3o favores. S\u00e3o fundamentos de justi\u00e7a.<\/p>\n\n\n\n<p>N\u00e3o era apenas um evento.<br>Foi reencontro.<br>E, tamb\u00e9m, um ato de resist\u00eancia.<br>A mem\u00f3ria viva dan\u00e7ando dentro de n\u00f3s, exigindo ser ouvida.<\/p>\n","protected":false},"excerpt":{"rendered":"<p>Dia 20 de novembro de 2025 vivi algo que ainda ecoa em mim. Participei do Evento da Consci\u00eancia Negra em C\u00e1ceres, preparado com tanto cuidado pela comiss\u00e3o: Marcela Profeta Ribeiro Pinho, Mirian Paula Profeta Ribeiro, D\u00e9lia Rojas, Graciele Almeida, Cleusa Cruz Nenes, Fagner Luiz da Silva e Vanessa da Cruz Fonseca que parecia mais um &hellip;<\/p>\n<p class=\"read-more\"> <a class=\"\" href=\"https:\/\/quemcuidadocuidador.com.br\/index.php\/2025\/11\/22\/pertencer-consciencia-negra\/\"> <span class=\"screen-reader-text\">Pertencer \u2014 Consci\u00eancia Negra<\/span> Leia mais &raquo;<\/a><\/p>\n","protected":false},"author":2,"featured_media":1075,"comment_status":"open","ping_status":"open","sticky":false,"template":"","format":"standard","meta":{"om_disable_all_campaigns":false,"_monsterinsights_skip_tracking":false,"_monsterinsights_sitenote_active":false,"_monsterinsights_sitenote_note":"","_monsterinsights_sitenote_category":0,"site-sidebar-layout":"","site-content-layout":"","ast-main-header-display":"","ast-hfb-above-header-display":"","ast-hfb-below-header-display":"","ast-hfb-mobile-header-display":"","site-post-title":"","ast-breadcrumbs-content":"","ast-featured-img":"","footer-sml-layout":"","theme-transparent-header-meta":"","adv-header-id-meta":"","stick-header-meta":"","header-above-stick-meta":"","header-main-stick-meta":"","header-below-stick-meta":""},"categories":[5],"tags":[],"uagb_featured_image_src":{"full":["https:\/\/quemcuidadocuidador.com.br\/wp-content\/uploads\/2025\/11\/65e69a5b-0ee5-4649-a21a-a8927d8729f7.jpg",1200,1600,false],"thumbnail":["https:\/\/quemcuidadocuidador.com.br\/wp-content\/uploads\/2025\/11\/65e69a5b-0ee5-4649-a21a-a8927d8729f7-150x150.jpg",150,150,true],"medium":["https:\/\/quemcuidadocuidador.com.br\/wp-content\/uploads\/2025\/11\/65e69a5b-0ee5-4649-a21a-a8927d8729f7-225x300.jpg",225,300,true],"medium_large":["https:\/\/quemcuidadocuidador.com.br\/wp-content\/uploads\/2025\/11\/65e69a5b-0ee5-4649-a21a-a8927d8729f7-768x1024.jpg",768,1024,true],"large":["https:\/\/quemcuidadocuidador.com.br\/wp-content\/uploads\/2025\/11\/65e69a5b-0ee5-4649-a21a-a8927d8729f7-768x1024.jpg",768,1024,true],"1536x1536":["https:\/\/quemcuidadocuidador.com.br\/wp-content\/uploads\/2025\/11\/65e69a5b-0ee5-4649-a21a-a8927d8729f7-1152x1536.jpg",1152,1536,true],"2048x2048":["https:\/\/quemcuidadocuidador.com.br\/wp-content\/uploads\/2025\/11\/65e69a5b-0ee5-4649-a21a-a8927d8729f7.jpg",1200,1600,false]},"uagb_author_info":{"display_name":"Cicera A Feitosa","author_link":"https:\/\/quemcuidadocuidador.com.br\/index.php\/author\/cicera\/"},"uagb_comment_info":2,"uagb_excerpt":"Dia 20 de novembro de 2025 vivi algo que ainda ecoa em mim. Participei do Evento da Consci\u00eancia Negra em C\u00e1ceres, preparado com tanto cuidado pela comiss\u00e3o: Marcela Profeta Ribeiro Pinho, Mirian Paula Profeta Ribeiro, D\u00e9lia Rojas, Graciele Almeida, Cleusa Cruz Nenes, Fagner Luiz da Silva e Vanessa da Cruz Fonseca que parecia mais um&hellip;","_links":{"self":[{"href":"https:\/\/quemcuidadocuidador.com.br\/index.php\/wp-json\/wp\/v2\/posts\/1074"}],"collection":[{"href":"https:\/\/quemcuidadocuidador.com.br\/index.php\/wp-json\/wp\/v2\/posts"}],"about":[{"href":"https:\/\/quemcuidadocuidador.com.br\/index.php\/wp-json\/wp\/v2\/types\/post"}],"author":[{"embeddable":true,"href":"https:\/\/quemcuidadocuidador.com.br\/index.php\/wp-json\/wp\/v2\/users\/2"}],"replies":[{"embeddable":true,"href":"https:\/\/quemcuidadocuidador.com.br\/index.php\/wp-json\/wp\/v2\/comments?post=1074"}],"version-history":[{"count":1,"href":"https:\/\/quemcuidadocuidador.com.br\/index.php\/wp-json\/wp\/v2\/posts\/1074\/revisions"}],"predecessor-version":[{"id":1076,"href":"https:\/\/quemcuidadocuidador.com.br\/index.php\/wp-json\/wp\/v2\/posts\/1074\/revisions\/1076"}],"wp:featuredmedia":[{"embeddable":true,"href":"https:\/\/quemcuidadocuidador.com.br\/index.php\/wp-json\/wp\/v2\/media\/1075"}],"wp:attachment":[{"href":"https:\/\/quemcuidadocuidador.com.br\/index.php\/wp-json\/wp\/v2\/media?parent=1074"}],"wp:term":[{"taxonomy":"category","embeddable":true,"href":"https:\/\/quemcuidadocuidador.com.br\/index.php\/wp-json\/wp\/v2\/categories?post=1074"},{"taxonomy":"post_tag","embeddable":true,"href":"https:\/\/quemcuidadocuidador.com.br\/index.php\/wp-json\/wp\/v2\/tags?post=1074"}],"curies":[{"name":"wp","href":"https:\/\/api.w.org\/{rel}","templated":true}]}}