{"id":1070,"date":"2025-11-19T17:26:32","date_gmt":"2025-11-19T21:26:32","guid":{"rendered":"https:\/\/quemcuidadocuidador.com.br\/?p=1070"},"modified":"2025-11-19T17:51:06","modified_gmt":"2025-11-19T21:51:06","slug":"quando-ser-para-raios-nao-e-virtude","status":"publish","type":"post","link":"https:\/\/quemcuidadocuidador.com.br\/index.php\/2025\/11\/19\/quando-ser-para-raios-nao-e-virtude\/","title":{"rendered":"Quando Ser Para-Raios N\u00e3o \u00c9 Virtude"},"content":{"rendered":"\n<p>No convite distribu\u00eddo pela C\u00e2mara, prometia-se uma audi\u00eancia p\u00fablica sobre dois instrumentos essenciais da gest\u00e3o:<\/p>\n\n\n\n<p><strong>LOA \u2014 Lei Or\u00e7ament\u00e1ria Anual<\/strong>, que define onde o munic\u00edpio vai aplicar os recursos;<br><strong>PPA \u2014 Plano Plurianual<\/strong>, que estabelece metas e prioridades.<\/p>\n\n\n\n<p>Era isso que a popula\u00e7\u00e3o \u2014 e eu, particularmente \u2014 esper\u00e1vamos:<br>um debate t\u00e9cnico, participativo, transparente, como dizia o texto do convite:<\/p>\n\n\n\n<p>\u201cSua participa\u00e7\u00e3o \u00e9 essencial para garantir que as decis\u00f5es sobre o futuro de C\u00e1ceres reflitam as necessidades da popula\u00e7\u00e3o.\u201d<\/p>\n\n\n\n<p>Mas bastou a reuni\u00e3o come\u00e7ar para percebermos que a pauta n\u00e3o era exatamente o que estava no papel.<br>A conversa girava em torno de outro tema \u2014 <strong>a Emenda Impositiva<\/strong>, que permite aos vereadores indicar onde aplicar parte do or\u00e7amento.<\/p>\n\n\n\n<p>At\u00e9 a\u00ed, nada de errado em debater o tema \u2014 se ele tivesse sido anunciado com clareza.<br>O problema \u00e9 a disson\u00e2ncia entre o convite e o espet\u00e1culo.<br>E foi nesse contexto que o presidente da C\u00e2mara disse, com solenidade, que os vereadores s\u00e3o \u201cos para-raios da popula\u00e7\u00e3o\u201d.<\/p>\n\n\n\n<p>Pois bem.<br>Como cidad\u00e3, como presidente de conselho e como m\u00e3e de um filho com autismo e s\u00edndrome doose, tomei nota da met\u00e1fora \u2014 e confesso: ela \u00e9 boa. S\u00f3 n\u00e3o do jeito que ele imaginou.<\/p>\n\n\n\n<p>Porque o para-raios recebe a descarga, mas <strong>n\u00e3o transforma nada<\/strong>.<br>Ele apenas conduz a energia at\u00e9 o ch\u00e3o. Dissipa, neutraliza, impede que algo realmente aconte\u00e7a.<br>\u00c9 exatamente o que temos visto: muitas falas, poucos efeitos.<br>Absorvem as queixas, ouvem as dores, prometem provid\u00eancias \u2014 e tudo se perde no solo da in\u00e9rcia.<\/p>\n\n\n\n<p>Ser \u201cpara-raios\u201d soa bonito no microfone, mas \u00e9 o elogio perfeito para a <strong>ina\u00e7\u00e3o travestida de representa\u00e7\u00e3o<\/strong>.<br>Um pol\u00edtico-para-raios n\u00e3o constr\u00f3i, n\u00e3o resolve, n\u00e3o devolve nada.<br>S\u00f3 garante que o raio n\u00e3o cause mudan\u00e7a.<\/p>\n\n\n\n<p>E h\u00e1 um detalhe que poucos admitem:<br>a aus\u00eancia da popula\u00e7\u00e3o nessas audi\u00eancias \u00e9 conveniente.<br>Porque, se o plen\u00e1rio estivesse cheio \u2014 de m\u00e3es, professores, trabalhadores, pessoas com defici\u00eancia \u2014 certos discursos exigiriam mais coragem, e certas vota\u00e7\u00f5es talvez fossem indecentes de sustentar diante do olhar do povo.<\/p>\n\n\n\n<p>Por isso repito: <strong>transpar\u00eancia come\u00e7a no convite.<\/strong><br>Se o objetivo era defender a Emenda Impositiva, que se dissesse.<br>Audi\u00eancia p\u00fablica n\u00e3o \u00e9 teatro, e participa\u00e7\u00e3o social n\u00e3o \u00e9 plateia.<\/p>\n\n\n\n<p>LOA e PPA pertencem \u00e0 cidade \u2014 e a cidade n\u00e3o \u00e9 cen\u00e1rio para met\u00e1foras mal escolhidas.<br>Porque, no fim das contas, enquanto eles jogam com palavras, n\u00f3s \u2014 m\u00e3es, conselheiros, cidad\u00e3os \u2014 continuamos a sentir o raio na pele.<\/p>\n\n\n\n<p><em>No fim das contas, talvez o problema n\u00e3o sejam os para-raios \u2014 mas quem insiste em acreditar que o trov\u00e3o n\u00e3o tem dono. Porque o raio, o som e o sil\u00eancio das urnas continuam nas mesmas m\u00e3os: as nossas. E cada voto \u00e9, de certa forma, um rel\u00e2mpago \u2014 breve, mas capaz de iluminar toda a cidade.<\/em><\/p>\n","protected":false},"excerpt":{"rendered":"<p>No convite distribu\u00eddo pela C\u00e2mara, prometia-se uma audi\u00eancia p\u00fablica sobre dois instrumentos essenciais da gest\u00e3o: LOA \u2014 Lei Or\u00e7ament\u00e1ria Anual, que define onde o munic\u00edpio vai aplicar os recursos;PPA \u2014 Plano Plurianual, que estabelece metas e prioridades. Era isso que a popula\u00e7\u00e3o \u2014 e eu, particularmente \u2014 esper\u00e1vamos:um debate t\u00e9cnico, participativo, transparente, como dizia o &hellip;<\/p>\n<p class=\"read-more\"> <a class=\"\" href=\"https:\/\/quemcuidadocuidador.com.br\/index.php\/2025\/11\/19\/quando-ser-para-raios-nao-e-virtude\/\"> <span class=\"screen-reader-text\">Quando Ser Para-Raios N\u00e3o \u00c9 Virtude<\/span> Leia mais &raquo;<\/a><\/p>\n","protected":false},"author":2,"featured_media":1071,"comment_status":"open","ping_status":"open","sticky":false,"template":"","format":"standard","meta":{"om_disable_all_campaigns":false,"_monsterinsights_skip_tracking":false,"_monsterinsights_sitenote_active":false,"_monsterinsights_sitenote_note":"","_monsterinsights_sitenote_category":0,"site-sidebar-layout":"","site-content-layout":"","ast-main-header-display":"","ast-hfb-above-header-display":"","ast-hfb-below-header-display":"","ast-hfb-mobile-header-display":"","site-post-title":"","ast-breadcrumbs-content":"","ast-featured-img":"","footer-sml-layout":"","theme-transparent-header-meta":"","adv-header-id-meta":"","stick-header-meta":"","header-above-stick-meta":"","header-main-stick-meta":"","header-below-stick-meta":""},"categories":[5],"tags":[],"uagb_featured_image_src":{"full":["https:\/\/quemcuidadocuidador.com.br\/wp-content\/uploads\/2025\/11\/Audiencia.jpg",1600,900,false],"thumbnail":["https:\/\/quemcuidadocuidador.com.br\/wp-content\/uploads\/2025\/11\/Audiencia-150x150.jpg",150,150,true],"medium":["https:\/\/quemcuidadocuidador.com.br\/wp-content\/uploads\/2025\/11\/Audiencia-300x169.jpg",300,169,true],"medium_large":["https:\/\/quemcuidadocuidador.com.br\/wp-content\/uploads\/2025\/11\/Audiencia-768x432.jpg",768,432,true],"large":["https:\/\/quemcuidadocuidador.com.br\/wp-content\/uploads\/2025\/11\/Audiencia-1024x576.jpg",1024,576,true],"1536x1536":["https:\/\/quemcuidadocuidador.com.br\/wp-content\/uploads\/2025\/11\/Audiencia-1536x864.jpg",1536,864,true],"2048x2048":["https:\/\/quemcuidadocuidador.com.br\/wp-content\/uploads\/2025\/11\/Audiencia.jpg",1600,900,false]},"uagb_author_info":{"display_name":"Cicera A Feitosa","author_link":"https:\/\/quemcuidadocuidador.com.br\/index.php\/author\/cicera\/"},"uagb_comment_info":1,"uagb_excerpt":"No convite distribu\u00eddo pela C\u00e2mara, prometia-se uma audi\u00eancia p\u00fablica sobre dois instrumentos essenciais da gest\u00e3o: LOA \u2014 Lei Or\u00e7ament\u00e1ria Anual, que define onde o munic\u00edpio vai aplicar os recursos;PPA \u2014 Plano Plurianual, que estabelece metas e prioridades. Era isso que a popula\u00e7\u00e3o \u2014 e eu, particularmente \u2014 esper\u00e1vamos:um debate t\u00e9cnico, participativo, transparente, como dizia o&hellip;","_links":{"self":[{"href":"https:\/\/quemcuidadocuidador.com.br\/index.php\/wp-json\/wp\/v2\/posts\/1070"}],"collection":[{"href":"https:\/\/quemcuidadocuidador.com.br\/index.php\/wp-json\/wp\/v2\/posts"}],"about":[{"href":"https:\/\/quemcuidadocuidador.com.br\/index.php\/wp-json\/wp\/v2\/types\/post"}],"author":[{"embeddable":true,"href":"https:\/\/quemcuidadocuidador.com.br\/index.php\/wp-json\/wp\/v2\/users\/2"}],"replies":[{"embeddable":true,"href":"https:\/\/quemcuidadocuidador.com.br\/index.php\/wp-json\/wp\/v2\/comments?post=1070"}],"version-history":[{"count":1,"href":"https:\/\/quemcuidadocuidador.com.br\/index.php\/wp-json\/wp\/v2\/posts\/1070\/revisions"}],"predecessor-version":[{"id":1072,"href":"https:\/\/quemcuidadocuidador.com.br\/index.php\/wp-json\/wp\/v2\/posts\/1070\/revisions\/1072"}],"wp:featuredmedia":[{"embeddable":true,"href":"https:\/\/quemcuidadocuidador.com.br\/index.php\/wp-json\/wp\/v2\/media\/1071"}],"wp:attachment":[{"href":"https:\/\/quemcuidadocuidador.com.br\/index.php\/wp-json\/wp\/v2\/media?parent=1070"}],"wp:term":[{"taxonomy":"category","embeddable":true,"href":"https:\/\/quemcuidadocuidador.com.br\/index.php\/wp-json\/wp\/v2\/categories?post=1070"},{"taxonomy":"post_tag","embeddable":true,"href":"https:\/\/quemcuidadocuidador.com.br\/index.php\/wp-json\/wp\/v2\/tags?post=1070"}],"curies":[{"name":"wp","href":"https:\/\/api.w.org\/{rel}","templated":true}]}}