{"id":1062,"date":"2025-11-08T08:03:22","date_gmt":"2025-11-08T12:03:22","guid":{"rendered":"https:\/\/quemcuidadocuidador.com.br\/?p=1062"},"modified":"2025-11-08T08:03:24","modified_gmt":"2025-11-08T12:03:24","slug":"quem-cuida-de-quem-cuida","status":"publish","type":"post","link":"https:\/\/quemcuidadocuidador.com.br\/index.php\/2025\/11\/08\/quem-cuida-de-quem-cuida\/","title":{"rendered":"Quem Cuida de Quem Cuida?"},"content":{"rendered":"\n<p>Participei da Audi\u00eancia P\u00fablica convocada pela APAAC \u2013 Associa\u00e7\u00e3o de Pais e Amigos dos Autistas de C\u00e1ceres \u2013 no dia 06 de novembro de 2025, na C\u00e2mara Municipal.<\/p>\n\n\n\n<p>Falar sobre o cuidado de quem cuida n\u00e3o \u00e9 novidade para mim. Fa\u00e7o isso h\u00e1 anos. Mas naquele dia, as palavras vieram com l\u00e1grimas e pausas que diziam mais que discursos inteiros. Foram relatos de m\u00e3es atravessadas pela exaust\u00e3o e pelo abandono. M\u00e3es que cuidam sozinhas, sem rede, sem descanso, sem tr\u00e9gua. Porque m\u00e3e n\u00e3o abandona filho.<\/p>\n\n\n\n<p>Quando uma m\u00e3e &#8220;abandona&#8221;, \u00e9 porque j\u00e1 adoeceu. Ou porque o desespero ultrapassou o que \u00e9 humanamente poss\u00edvel de suportar. E quando isso acontece, os que est\u00e3o \u00e0 sua volta \u2014 fam\u00edlia, amigos, sociedade \u2014 olham com espanto. Como se fosse a primeira vez.<\/p>\n\n\n\n<p>Mas ser\u00e1 que algu\u00e9m imagina quantas vezes essa m\u00e3e j\u00e1 foi ao PSF? \u00c0 Secretaria de Sa\u00fade? \u00c0 C\u00e2mara Municipal? Quantas vezes implorou por ajuda a um vereador, a um vizinho, a uma amiga? Quantas vezes pediu s\u00f3 alguns minutos para respirar?<\/p>\n\n\n\n<p>As m\u00e3es que tomam a palavra, que sobem ao p\u00falpito, que se exp\u00f5em, j\u00e1 ultrapassaram o medo do julgamento. Elas n\u00e3o pedem mais permiss\u00e3o. Mas hoje, eu escrevo por aquelas que <strong>n\u00e3o conseguem falar<\/strong>.<\/p>\n\n\n\n<p>Falo pelas que choram escondido no banheiro para n\u00e3o acordar o filho.<\/p>\n\n\n\n<p>Pelas que gritam no travesseiro com a boca enterrada no len\u00e7ol.<\/p>\n\n\n\n<p>Pelas que entram em reuni\u00f5es p\u00fablicas com a garganta seca, mas que saem caladas \u2014 por medo, por vergonha, por cansa\u00e7o.<\/p>\n\n\n\n<p>Essas m\u00e3es tamb\u00e9m est\u00e3o na luta. S\u00f3 ainda n\u00e3o encontraram um lugar seguro para a pr\u00f3pria voz. Talvez por j\u00e1 terem sido interrompidas demais. Ou desacreditadas demais. Ou por acharem que, se falarem, ser\u00e3o vistas como fracas \u2014 ou hist\u00e9ricas.<\/p>\n\n\n\n<p>Falo por elas porque sei o que significa calar-se para manter a casa em p\u00e9.<\/p>\n\n\n\n<p>Por isso, ao mesmo tempo em que refor\u00e7amos o que queremos \u2014 e precisamos:<\/p>\n\n\n\n<ul><li>Atendimento digno e humanizado nas escolas.<\/li><li>Profissionais capacitados, que nos escutem sem pressa.<\/li><li>Fim das filas no CER.<\/li><li>CAMPI aqui em C\u00e1ceres.<\/li><li>Equoterapia acess\u00edvel.<\/li><li>Oportunidades reais para nossos filhos viverem com dignidade \u2014 na cultura, no lazer, no trabalho.<\/li><\/ul>\n\n\n\n<p>Tamb\u00e9m dizemos, com clareza: <strong>queremos ser cuidadas<\/strong>. Porque cuidar de um filho at\u00edpico exige mais do que amor. Exige corpo, mente e alma em estado de prontid\u00e3o permanente. Exige sa\u00fade. E sa\u00fade n\u00e3o se sustenta no descaso.<\/p>\n\n\n\n<p>Exigimos que os laudos e as terapias aconte\u00e7am na hora certa. Que os est\u00edmulos cheguem quando o c\u00e9rebro dos nossos filhos ainda est\u00e1 em plena plasticidade. Isso n\u00e3o \u00e9 s\u00f3 humano. \u00c9 estrat\u00e9gico. A longo prazo, ser\u00e1 muito mais lucrativo para o Estado e para as fam\u00edlias.<\/p>\n\n\n\n<p>E, por fim, deixo aqui a pergunta que habita \u2014 sem descanso \u2014 a cabe\u00e7a de cada m\u00e3e at\u00edpica, todos os dias:<\/p>\n\n\n\n<p><strong>Se eu morrer hoje\u2026 quem vai cuidar do meu filho?<\/strong><\/p>\n","protected":false},"excerpt":{"rendered":"<p>Participei da Audi\u00eancia P\u00fablica convocada pela APAAC \u2013 Associa\u00e7\u00e3o de Pais e Amigos dos Autistas de C\u00e1ceres \u2013 no dia 06 de novembro de 2025, na C\u00e2mara Municipal. Falar sobre o cuidado de quem cuida n\u00e3o \u00e9 novidade para mim. Fa\u00e7o isso h\u00e1 anos. Mas naquele dia, as palavras vieram com l\u00e1grimas e pausas que &hellip;<\/p>\n<p class=\"read-more\"> <a class=\"\" href=\"https:\/\/quemcuidadocuidador.com.br\/index.php\/2025\/11\/08\/quem-cuida-de-quem-cuida\/\"> <span class=\"screen-reader-text\">Quem Cuida de Quem Cuida?<\/span> Leia mais &raquo;<\/a><\/p>\n","protected":false},"author":2,"featured_media":1063,"comment_status":"open","ping_status":"open","sticky":false,"template":"","format":"standard","meta":{"om_disable_all_campaigns":false,"_monsterinsights_skip_tracking":false,"_monsterinsights_sitenote_active":false,"_monsterinsights_sitenote_note":"","_monsterinsights_sitenote_category":0,"site-sidebar-layout":"","site-content-layout":"","ast-main-header-display":"","ast-hfb-above-header-display":"","ast-hfb-below-header-display":"","ast-hfb-mobile-header-display":"","site-post-title":"","ast-breadcrumbs-content":"","ast-featured-img":"","footer-sml-layout":"","theme-transparent-header-meta":"","adv-header-id-meta":"","stick-header-meta":"","header-above-stick-meta":"","header-main-stick-meta":"","header-below-stick-meta":""},"categories":[5],"tags":[],"uagb_featured_image_src":{"full":["https:\/\/quemcuidadocuidador.com.br\/wp-content\/uploads\/2025\/11\/WhatsApp-Image-2025-11-08-at-07.52.39.jpeg",1280,720,false],"thumbnail":["https:\/\/quemcuidadocuidador.com.br\/wp-content\/uploads\/2025\/11\/WhatsApp-Image-2025-11-08-at-07.52.39-150x150.jpeg",150,150,true],"medium":["https:\/\/quemcuidadocuidador.com.br\/wp-content\/uploads\/2025\/11\/WhatsApp-Image-2025-11-08-at-07.52.39-300x169.jpeg",300,169,true],"medium_large":["https:\/\/quemcuidadocuidador.com.br\/wp-content\/uploads\/2025\/11\/WhatsApp-Image-2025-11-08-at-07.52.39-768x432.jpeg",768,432,true],"large":["https:\/\/quemcuidadocuidador.com.br\/wp-content\/uploads\/2025\/11\/WhatsApp-Image-2025-11-08-at-07.52.39-1024x576.jpeg",1024,576,true],"1536x1536":["https:\/\/quemcuidadocuidador.com.br\/wp-content\/uploads\/2025\/11\/WhatsApp-Image-2025-11-08-at-07.52.39.jpeg",1280,720,false],"2048x2048":["https:\/\/quemcuidadocuidador.com.br\/wp-content\/uploads\/2025\/11\/WhatsApp-Image-2025-11-08-at-07.52.39.jpeg",1280,720,false]},"uagb_author_info":{"display_name":"Cicera A Feitosa","author_link":"https:\/\/quemcuidadocuidador.com.br\/index.php\/author\/cicera\/"},"uagb_comment_info":3,"uagb_excerpt":"Participei da Audi\u00eancia P\u00fablica convocada pela APAAC \u2013 Associa\u00e7\u00e3o de Pais e Amigos dos Autistas de C\u00e1ceres \u2013 no dia 06 de novembro de 2025, na C\u00e2mara Municipal. Falar sobre o cuidado de quem cuida n\u00e3o \u00e9 novidade para mim. Fa\u00e7o isso h\u00e1 anos. Mas naquele dia, as palavras vieram com l\u00e1grimas e pausas que&hellip;","_links":{"self":[{"href":"https:\/\/quemcuidadocuidador.com.br\/index.php\/wp-json\/wp\/v2\/posts\/1062"}],"collection":[{"href":"https:\/\/quemcuidadocuidador.com.br\/index.php\/wp-json\/wp\/v2\/posts"}],"about":[{"href":"https:\/\/quemcuidadocuidador.com.br\/index.php\/wp-json\/wp\/v2\/types\/post"}],"author":[{"embeddable":true,"href":"https:\/\/quemcuidadocuidador.com.br\/index.php\/wp-json\/wp\/v2\/users\/2"}],"replies":[{"embeddable":true,"href":"https:\/\/quemcuidadocuidador.com.br\/index.php\/wp-json\/wp\/v2\/comments?post=1062"}],"version-history":[{"count":1,"href":"https:\/\/quemcuidadocuidador.com.br\/index.php\/wp-json\/wp\/v2\/posts\/1062\/revisions"}],"predecessor-version":[{"id":1064,"href":"https:\/\/quemcuidadocuidador.com.br\/index.php\/wp-json\/wp\/v2\/posts\/1062\/revisions\/1064"}],"wp:featuredmedia":[{"embeddable":true,"href":"https:\/\/quemcuidadocuidador.com.br\/index.php\/wp-json\/wp\/v2\/media\/1063"}],"wp:attachment":[{"href":"https:\/\/quemcuidadocuidador.com.br\/index.php\/wp-json\/wp\/v2\/media?parent=1062"}],"wp:term":[{"taxonomy":"category","embeddable":true,"href":"https:\/\/quemcuidadocuidador.com.br\/index.php\/wp-json\/wp\/v2\/categories?post=1062"},{"taxonomy":"post_tag","embeddable":true,"href":"https:\/\/quemcuidadocuidador.com.br\/index.php\/wp-json\/wp\/v2\/tags?post=1062"}],"curies":[{"name":"wp","href":"https:\/\/api.w.org\/{rel}","templated":true}]}}