{"id":105,"date":"2021-11-05T16:47:13","date_gmt":"2021-11-05T20:47:13","guid":{"rendered":"https:\/\/quemcuidadocuidador.com.br\/?p=105"},"modified":"2021-11-16T19:22:12","modified_gmt":"2021-11-16T23:22:12","slug":"quem-cuida-do-cuidador","status":"publish","type":"post","link":"https:\/\/quemcuidadocuidador.com.br\/index.php\/2021\/11\/05\/quem-cuida-do-cuidador\/","title":{"rendered":"QUEM CUIDA DO CUIDADOR"},"content":{"rendered":"\n<p>O livro \u201cQuem cuida do cuidador\u201d do Dr. Eug\u00eanio Paes Campos foi uma das obras que li para dar suporte a minha ideia de que o cuidador precisa ser cuidado. J\u00e1 tinha decidido criar um blog, at\u00e9 registrado o nome, quando me deparei com este livro. Uma obra intensa que aborda a necessidade de o cuidador ser cuidado, atrav\u00e9s de um trabalho desenvolvido em um Posto de Sa\u00fade. Ele convida profissionais de diferentes \u00e1reas: m\u00e9dico, psic\u00f3logos, assistes sociais, enfermeiros, nutricionistas e professores de Educa\u00e7\u00e3o F\u00edsica. Formando assim um grupo multidisciplinar.<\/p>\n\n\n\n<p>O que todos tinham em comum?<\/p>\n\n\n\n<p>O desejo de cuidar. Mas para isso era necess\u00e1rio vencer a individualidade e os desafios existentes, na \u00e1rea da sa\u00fade.<\/p>\n\n\n\n<p>E o grupo passa a atender pacientes com hipertens\u00e3o. E o suporte te\u00f3rico principal utilizado por Dr. Eug\u00eanio \u00e9 a teoria de holding desenvolvida por Winnicott \u201co holding \u00e9 uma determinada forma de relacionamento m\u00e3e-beb\u00ea em que prevalecem as trocas afetivas, os cuidados m\u00fatuos e a comunica\u00e7\u00e3o emp\u00e1tica.\u201d (CAMPOS, 2016, p. 77)<\/p>\n\n\n\n<p>E a representa\u00e7\u00e3o dos pap\u00e9is: pai, m\u00e3e e beb\u00ea. O pai \u00e9 o protetor e provedor, a m\u00e3e \u00e9 a cuidadora e o beb\u00ea \u00e9 cuidado. Nesta abordagem se discute essa rela\u00e7\u00e3o desde que o beb\u00ea nasce e em todas as fazes da vida, at\u00e9 chegar \u00e0 vida adulta. De forma espetacular ele mostra que os pap\u00e9is pai, m\u00e3e e beb\u00ea funcionam como se fossem c\u00edrculos. Ora cuidamos, ora somos cuidados. Neste livro tamb\u00e9m ele apresenta a ideia de suporte social.<\/p>\n\n\n\n<p>Quem melhor descreve a din\u00e2mica do suporte social, enquanto relacionamento pr\u00f3ximo e acolhedor, \u00e9 Cobb (1976) ao destacar seus tr\u00eas componentes essenciais: emocional (sentimento de ser amado, cuidado e protegido), valorativo (sentimento de ser reconhecido e aceito) e comunicacional (sentimento de ser compreendido e de compartilhar informa\u00e7\u00f5es). (CAMPOS, 2016, p. 77)<\/p>\n\n\n\n<p> Ele trabalhou com outros te\u00f3ricos, mas acredito que o Suporte social e o holding d\u00e3o a medida exata do quanto precisamos ser cuidados ao sermos cuidadores.<\/p>\n\n\n\n<p>O autor atrav\u00e9s de seu trabalho com o grupo multidisciplinar da sa\u00fade, cuidando dos pacientes, aos poucos cria v\u00ednculo de amizade e respeito m\u00fatuo pelo trabalho de cada um, dando voz e ouvindo a todos. Com o passar do tempo, apesar da \u00e1rea da sa\u00fade ser extremamente competitiva, esses profissionais passaram a entender e cuidar melhor de seus pacientes e a se cuidarem uns dos outros tamb\u00e9m.<\/p>\n\n\n\n<p>&nbsp;Conseguiram perceber a teoria de Winnicott na pratica, pois este diz que na rela\u00e7\u00e3o m\u00e3e e beb\u00ea a empatia \u00e9 t\u00e3o grande, que mesmo no sil\u00eancio a m\u00e3e sabe o que o beb\u00ea precisa. Enquanto grupo percebem quando o colega de trabalho n\u00e3o est\u00e1 bem, mesmo que este n\u00e3o tivesse dito nenhuma palavra. Ou seja, ao mesmo tempo que eles cuidavam dos pacientes, eles tamb\u00e9m cuidavam uns dos outros.<\/p>\n\n\n\n<p>N\u00e3o havia mais m\u00e9dico, enfermeiro, hipertenso, nutricionista, paciente. Havia pessoas que se respeitavam, que se ouviam, que se preocupavam umas com as outras e que se apoiavam, que se cuidavam mutuamente, na medida em que \u201creduz\u00edamos as dist\u00e2ncias\u201d e busc\u00e1vamos captar sentimentos e car\u00eancias, muitas vezes identificando-nos uns com os outros. (CAMPOS, 2016, p. 131).<\/p>\n\n\n\n<p>Nessa rede de cuidados m\u00fatuos ora eram cuidadores, ora eram cuidados e tamb\u00e9m tinham aqueles momentos que funcionavam como o suporte e a prote\u00e7\u00e3o necess\u00e1ria para o colega realizar o seu trabalho.<\/p>\n\n\n\n<p> Quando pessoas se juntam com um desejo comum, s\u00e3o capazes de vencer os desafios, atrav\u00e9s dos v\u00ednculos de: amizade, empatia e compaix\u00e3o. Quando isso acontece todos saem transformados.<\/p>\n\n\n\n<p>Portanto, ao sermos cuidadores, precisamos nos cuidarmos e sermos cuidados.<\/p>\n\n\n\n<p>CAMPOS, Eugenio Paes. Quem cuida do cuidador? Uma proposta para os profissionais da sa\u00fade, 2\u00aa ed. Teres\u00f3polis: Unifeso; S\u00e3o Paulo: Pontocom, 2016.<\/p>\n","protected":false},"excerpt":{"rendered":"<p>O livro \u201cQuem cuida do cuidador\u201d do Dr. Eug\u00eanio Paes Campos foi uma das obras que li para dar suporte a minha ideia de que o cuidador precisa ser cuidado. J\u00e1 tinha decidido criar um blog, at\u00e9 registrado o nome, quando me deparei com este livro. Uma obra intensa que aborda a necessidade de o &hellip;<\/p>\n<p class=\"read-more\"> <a class=\"\" href=\"https:\/\/quemcuidadocuidador.com.br\/index.php\/2021\/11\/05\/quem-cuida-do-cuidador\/\"> <span class=\"screen-reader-text\">QUEM CUIDA DO CUIDADOR<\/span> Leia mais &raquo;<\/a><\/p>\n","protected":false},"author":2,"featured_media":106,"comment_status":"open","ping_status":"open","sticky":false,"template":"","format":"standard","meta":{"om_disable_all_campaigns":false,"_monsterinsights_skip_tracking":false,"_monsterinsights_sitenote_active":false,"_monsterinsights_sitenote_note":"","_monsterinsights_sitenote_category":0,"site-sidebar-layout":"","site-content-layout":"","ast-main-header-display":"","ast-hfb-above-header-display":"","ast-hfb-below-header-display":"","ast-hfb-mobile-header-display":"","site-post-title":"","ast-breadcrumbs-content":"","ast-featured-img":"","footer-sml-layout":"","theme-transparent-header-meta":"","adv-header-id-meta":"","stick-header-meta":"","header-above-stick-meta":"","header-main-stick-meta":"","header-below-stick-meta":""},"categories":[2],"tags":[],"uagb_featured_image_src":{"full":["https:\/\/quemcuidadocuidador.com.br\/wp-content\/uploads\/2021\/11\/livro-2.png",551,827,false],"thumbnail":["https:\/\/quemcuidadocuidador.com.br\/wp-content\/uploads\/2021\/11\/livro-2-150x150.png",150,150,true],"medium":["https:\/\/quemcuidadocuidador.com.br\/wp-content\/uploads\/2021\/11\/livro-2-200x300.png",200,300,true],"medium_large":["https:\/\/quemcuidadocuidador.com.br\/wp-content\/uploads\/2021\/11\/livro-2.png",551,827,false],"large":["https:\/\/quemcuidadocuidador.com.br\/wp-content\/uploads\/2021\/11\/livro-2.png",551,827,false],"1536x1536":["https:\/\/quemcuidadocuidador.com.br\/wp-content\/uploads\/2021\/11\/livro-2.png",551,827,false],"2048x2048":["https:\/\/quemcuidadocuidador.com.br\/wp-content\/uploads\/2021\/11\/livro-2.png",551,827,false]},"uagb_author_info":{"display_name":"Cicera A Feitosa","author_link":"https:\/\/quemcuidadocuidador.com.br\/index.php\/author\/cicera\/"},"uagb_comment_info":2,"uagb_excerpt":"O livro \u201cQuem cuida do cuidador\u201d do Dr. Eug\u00eanio Paes Campos foi uma das obras que li para dar suporte a minha ideia de que o cuidador precisa ser cuidado. J\u00e1 tinha decidido criar um blog, at\u00e9 registrado o nome, quando me deparei com este livro. Uma obra intensa que aborda a necessidade de o&hellip;","_links":{"self":[{"href":"https:\/\/quemcuidadocuidador.com.br\/index.php\/wp-json\/wp\/v2\/posts\/105"}],"collection":[{"href":"https:\/\/quemcuidadocuidador.com.br\/index.php\/wp-json\/wp\/v2\/posts"}],"about":[{"href":"https:\/\/quemcuidadocuidador.com.br\/index.php\/wp-json\/wp\/v2\/types\/post"}],"author":[{"embeddable":true,"href":"https:\/\/quemcuidadocuidador.com.br\/index.php\/wp-json\/wp\/v2\/users\/2"}],"replies":[{"embeddable":true,"href":"https:\/\/quemcuidadocuidador.com.br\/index.php\/wp-json\/wp\/v2\/comments?post=105"}],"version-history":[{"count":1,"href":"https:\/\/quemcuidadocuidador.com.br\/index.php\/wp-json\/wp\/v2\/posts\/105\/revisions"}],"predecessor-version":[{"id":108,"href":"https:\/\/quemcuidadocuidador.com.br\/index.php\/wp-json\/wp\/v2\/posts\/105\/revisions\/108"}],"wp:featuredmedia":[{"embeddable":true,"href":"https:\/\/quemcuidadocuidador.com.br\/index.php\/wp-json\/wp\/v2\/media\/106"}],"wp:attachment":[{"href":"https:\/\/quemcuidadocuidador.com.br\/index.php\/wp-json\/wp\/v2\/media?parent=105"}],"wp:term":[{"taxonomy":"category","embeddable":true,"href":"https:\/\/quemcuidadocuidador.com.br\/index.php\/wp-json\/wp\/v2\/categories?post=105"},{"taxonomy":"post_tag","embeddable":true,"href":"https:\/\/quemcuidadocuidador.com.br\/index.php\/wp-json\/wp\/v2\/tags?post=105"}],"curies":[{"name":"wp","href":"https:\/\/api.w.org\/{rel}","templated":true}]}}