{"id":1046,"date":"2025-10-18T06:06:40","date_gmt":"2025-10-18T10:06:40","guid":{"rendered":"https:\/\/quemcuidadocuidador.com.br\/?p=1046"},"modified":"2025-10-18T06:06:41","modified_gmt":"2025-10-18T10:06:41","slug":"musica-sem-fronteiras","status":"publish","type":"post","link":"https:\/\/quemcuidadocuidador.com.br\/index.php\/2025\/10\/18\/musica-sem-fronteiras\/","title":{"rendered":"M\u00daSICA SEM FRONTEIRAS"},"content":{"rendered":"\n<p>Na igreja Nossa Senhora do Carmo que Pedro frequenta, anunciaram um curso de viol\u00e3o.<br>Ele j\u00e1 tinha o instrumento \u2014 presente antigo, de quando a m\u00fasica era s\u00f3 sonho.<\/p>\n\n\n\n<p>O convite era simples:<\/p>\n\n\n\n<p>\u201cQuem quiser aprender, pode se inscrever.\u201d<\/p>\n\n\n\n<p>Pedi uma vaga para ele. Expliquei que, mesmo sem instrumento, Pedro levaria o seu.<br>Inscri\u00e7\u00e3o feita, esperan\u00e7a renovada.<\/p>\n\n\n\n<p>Nas primeiras aulas, sa\u00eda com os dedos doendo. Mas n\u00e3o faltava.<br>Durante tr\u00eas meses, o progresso parecia lento.<br>Na semana da apresenta\u00e7\u00e3o, finalmente acompanhou o ritmo da m\u00fasica.<\/p>\n\n\n\n<p>Cantar, ele sempre soube: tem voz firme e doce \u2014 daquelas que desarmam o sil\u00eancio.<\/p>\n\n\n\n<p>Na noite da festa, na par\u00f3quia Nossa Senhora Aparecida o p\u00e1tio fervilhava.<br>Missa encerrada, come\u00e7ou a quermesse:<br>past\u00e9is chiando no \u00f3leo, espetos no braseiro, leil\u00e3o animado, doces caseiros, crian\u00e7as soltas, fam\u00edlias \u00e0 conversa, o ar perfumado de comida e riso.<\/p>\n\n\n\n<p>Ent\u00e3o, o palco se acendeu.<\/p>\n\n\n\n<p>Pedro subiu com o grupo \u2014 adolescentes e jovens.<br>Todos unidos por um desejo: tocar e cantar para Nossa Senhora Aparecida.<\/p>\n\n\n\n<p>Viol\u00e3o no colo. Olhos atentos. Cora\u00e7\u00e3o desperto.<\/p>\n\n\n\n<p>Quando come\u00e7aram&nbsp;<strong>\u201cSanta M\u00e3e Maria, nessa travessia\u201d<\/strong>, o p\u00e1tio silenciou.<br>Pedro tocava e cantava. Entregue. Presente.<br>Se errou, n\u00e3o importa.<\/p>\n\n\n\n<p>Importa que, por alguns minutos,&nbsp;<strong>ele pertenceu<\/strong>.<\/p>\n\n\n\n<p>Fez parte de algo que o olhava, ouvia, aplaudia.<br>Para quem vive o at\u00edpico, aplausos n\u00e3o s\u00e3o rotina.<br>Ocupar um palco, ser visto e acolhido, exige o que muitas fam\u00edlias j\u00e1 gastaram: o imposs\u00edvel.<\/p>\n\n\n\n<p>Mas naquele dia, a alegria de Pedro era um sol inteiro.<br>Desceu radiante, cercado de quem entende o valor de uma conquista simples.<br>Porque no mundo at\u00edpico, cada passo \u00e9 uma vit\u00f3ria.<\/p>\n\n\n\n<p>Gratid\u00e3o aos que criaram o projeto M\u00fasica Sem Fronteiras \u2014<br>por abrirem mais do que vagas:&nbsp;<strong>abriram espa\u00e7o. E, com ele, esperan\u00e7a.<\/strong><\/p>\n\n\n\n<p>Na festa de Nossa Senhora Aparecida, em 2025, o autismo e a s\u00edndrome de Down estavam no palco.<br>Foram vistos. Aplaudidos. Amados.<\/p>\n\n\n\n<p>Viva Nossa Senhora Aparecida.<br>Viva as diferen\u00e7as.<br>Viva todo gesto que amplia o poss\u00edvel.<\/p>\n","protected":false},"excerpt":{"rendered":"<p>Na igreja Nossa Senhora do Carmo que Pedro frequenta, anunciaram um curso de viol\u00e3o.Ele j\u00e1 tinha o instrumento \u2014 presente antigo, de quando a m\u00fasica era s\u00f3 sonho. O convite era simples: \u201cQuem quiser aprender, pode se inscrever.\u201d Pedi uma vaga para ele. Expliquei que, mesmo sem instrumento, Pedro levaria o seu.Inscri\u00e7\u00e3o feita, esperan\u00e7a renovada. &hellip;<\/p>\n<p class=\"read-more\"> <a class=\"\" href=\"https:\/\/quemcuidadocuidador.com.br\/index.php\/2025\/10\/18\/musica-sem-fronteiras\/\"> <span class=\"screen-reader-text\">M\u00daSICA SEM FRONTEIRAS<\/span> Leia mais &raquo;<\/a><\/p>\n","protected":false},"author":2,"featured_media":1047,"comment_status":"open","ping_status":"open","sticky":false,"template":"","format":"standard","meta":{"om_disable_all_campaigns":false,"_monsterinsights_skip_tracking":false,"_monsterinsights_sitenote_active":false,"_monsterinsights_sitenote_note":"","_monsterinsights_sitenote_category":0,"site-sidebar-layout":"","site-content-layout":"","ast-main-header-display":"","ast-hfb-above-header-display":"","ast-hfb-below-header-display":"","ast-hfb-mobile-header-display":"","site-post-title":"","ast-breadcrumbs-content":"","ast-featured-img":"","footer-sml-layout":"","theme-transparent-header-meta":"","adv-header-id-meta":"","stick-header-meta":"","header-above-stick-meta":"","header-main-stick-meta":"","header-below-stick-meta":""},"categories":[5],"tags":[],"uagb_featured_image_src":{"full":["https:\/\/quemcuidadocuidador.com.br\/wp-content\/uploads\/2025\/10\/WhatsApp-Image-2025-10-18-at-05.32.49.jpeg",1521,1459,false],"thumbnail":["https:\/\/quemcuidadocuidador.com.br\/wp-content\/uploads\/2025\/10\/WhatsApp-Image-2025-10-18-at-05.32.49-150x150.jpeg",150,150,true],"medium":["https:\/\/quemcuidadocuidador.com.br\/wp-content\/uploads\/2025\/10\/WhatsApp-Image-2025-10-18-at-05.32.49-300x288.jpeg",300,288,true],"medium_large":["https:\/\/quemcuidadocuidador.com.br\/wp-content\/uploads\/2025\/10\/WhatsApp-Image-2025-10-18-at-05.32.49-768x737.jpeg",768,737,true],"large":["https:\/\/quemcuidadocuidador.com.br\/wp-content\/uploads\/2025\/10\/WhatsApp-Image-2025-10-18-at-05.32.49-1024x982.jpeg",1024,982,true],"1536x1536":["https:\/\/quemcuidadocuidador.com.br\/wp-content\/uploads\/2025\/10\/WhatsApp-Image-2025-10-18-at-05.32.49.jpeg",1521,1459,false],"2048x2048":["https:\/\/quemcuidadocuidador.com.br\/wp-content\/uploads\/2025\/10\/WhatsApp-Image-2025-10-18-at-05.32.49.jpeg",1521,1459,false]},"uagb_author_info":{"display_name":"Cicera A Feitosa","author_link":"https:\/\/quemcuidadocuidador.com.br\/index.php\/author\/cicera\/"},"uagb_comment_info":7,"uagb_excerpt":"Na igreja Nossa Senhora do Carmo que Pedro frequenta, anunciaram um curso de viol\u00e3o.Ele j\u00e1 tinha o instrumento \u2014 presente antigo, de quando a m\u00fasica era s\u00f3 sonho. O convite era simples: \u201cQuem quiser aprender, pode se inscrever.\u201d Pedi uma vaga para ele. Expliquei que, mesmo sem instrumento, Pedro levaria o seu.Inscri\u00e7\u00e3o feita, esperan\u00e7a renovada.&hellip;","_links":{"self":[{"href":"https:\/\/quemcuidadocuidador.com.br\/index.php\/wp-json\/wp\/v2\/posts\/1046"}],"collection":[{"href":"https:\/\/quemcuidadocuidador.com.br\/index.php\/wp-json\/wp\/v2\/posts"}],"about":[{"href":"https:\/\/quemcuidadocuidador.com.br\/index.php\/wp-json\/wp\/v2\/types\/post"}],"author":[{"embeddable":true,"href":"https:\/\/quemcuidadocuidador.com.br\/index.php\/wp-json\/wp\/v2\/users\/2"}],"replies":[{"embeddable":true,"href":"https:\/\/quemcuidadocuidador.com.br\/index.php\/wp-json\/wp\/v2\/comments?post=1046"}],"version-history":[{"count":1,"href":"https:\/\/quemcuidadocuidador.com.br\/index.php\/wp-json\/wp\/v2\/posts\/1046\/revisions"}],"predecessor-version":[{"id":1048,"href":"https:\/\/quemcuidadocuidador.com.br\/index.php\/wp-json\/wp\/v2\/posts\/1046\/revisions\/1048"}],"wp:featuredmedia":[{"embeddable":true,"href":"https:\/\/quemcuidadocuidador.com.br\/index.php\/wp-json\/wp\/v2\/media\/1047"}],"wp:attachment":[{"href":"https:\/\/quemcuidadocuidador.com.br\/index.php\/wp-json\/wp\/v2\/media?parent=1046"}],"wp:term":[{"taxonomy":"category","embeddable":true,"href":"https:\/\/quemcuidadocuidador.com.br\/index.php\/wp-json\/wp\/v2\/categories?post=1046"},{"taxonomy":"post_tag","embeddable":true,"href":"https:\/\/quemcuidadocuidador.com.br\/index.php\/wp-json\/wp\/v2\/tags?post=1046"}],"curies":[{"name":"wp","href":"https:\/\/api.w.org\/{rel}","templated":true}]}}