{"id":1041,"date":"2025-10-04T07:18:18","date_gmt":"2025-10-04T11:18:18","guid":{"rendered":"https:\/\/quemcuidadocuidador.com.br\/?p=1041"},"modified":"2025-10-04T08:46:31","modified_gmt":"2025-10-04T12:46:31","slug":"e-pedro-foi","status":"publish","type":"post","link":"https:\/\/quemcuidadocuidador.com.br\/index.php\/2025\/10\/04\/e-pedro-foi\/","title":{"rendered":"E Pedro foi&#8230;"},"content":{"rendered":"\n<p>Esta cr\u00f3nica nasceu de um dia aparentemente comum \u2014 mas que para mim, como m\u00e3e at\u00edpica, significou muito mais do que uma viagem. Foi o in\u00edcio de uma travessia silenciosa, cheia de aus\u00eancia, alegria e coragem.<strong><\/strong><\/p>\n\n\n\n<p><strong>Quinta-feira, 06h00, 2 de outubro de 2025.<\/strong><br>Dia inesquec\u00edvel para muitas das crian\u00e7as, adolescentes e jovens que participam do Paral\u00edmpico em C\u00e1ceres-MT, Brasil.<\/p>\n\n\n\n<p>No gin\u00e1sio de esportes da UNEMAT: m\u00e3es, pais, irm\u00e3os, irm\u00e3s. Malas, mochilas, travesseiros, colch\u00f5es, colchonetes.<\/p>\n\n\n\n<p>Cada m\u00e3e e pai recordando aos filhos cuidados b\u00e1sicos. Outros, dando aos professores mil e uma recomenda\u00e7\u00f5es \u2014 sobre medicamentos, alimenta\u00e7\u00e3o, h\u00e1bitos.<\/p>\n\n\n\n<p>Muitos com a emo\u00e7\u00e3o contida; em alguns, ela escorria pelos olhos.<\/p>\n\n\n\n<p>Para muitos, era a primeira viagem sem a fam\u00edlia. Destino: Campo Verde-MT, competi\u00e7\u00e3o do Paral\u00edmpico.<\/p>\n\n\n\n<p>Pedro desceu do carro sem pressa, sem se importar com mala ou mochila.<br>Tinha aquele sorriso \u2014 o mesmo que me desarma desde sempre \u2014 e a confian\u00e7a de quem est\u00e1 prestes a desbravar o mundo.<\/p>\n\n\n\n<p>Vi o \u00f4nibus dobrar a esquina como quem some do mapa.<\/p>\n\n\n\n<p>Dentro de casa, os chinelos dele ficaram tortos no canto da sala.<br>A cama mal arrumada.<br>O cheiro do travesseiro, intacto.<\/p>\n\n\n\n<p>Preparei o caf\u00e9 por h\u00e1bito. E s\u00f3 ent\u00e3o percebi:<br><strong>n\u00e3o haveria ningu\u00e9m para pedir o p\u00e3o sem casca.<\/strong><\/p>\n\n\n\n<p>Sentei \u00e0 mesa com a x\u00edcara quente entre as m\u00e3os, como se segurasse a presen\u00e7a dele ali \u2014 l\u00edquida, breve, escapando pelo vapor.<\/p>\n\n\n\n<p>Senti falta at\u00e9 das m\u00fasicas religiosas que ele repete todo santo dia.<br>Sempre as mesmas. Sempre no mesmo volume.<\/p>\n\n\n\n<p>Hoje, o sil\u00eancio ocupou todos os c\u00f4modos como um h\u00f3spede frio e educado.<br>A casa parece um mausol\u00e9u.<br>Grande demais. Espa\u00e7o demais.<br>E nenhum dos objetos caiu no ch\u00e3o \u2014 sem os bra\u00e7os agitados dele, tudo permanece no lugar errado de t\u00e3o certo.<\/p>\n\n\n\n<p>Mas h\u00e1 uma alegria que me escapa por todos os poros: <strong>ele foi. Ele partiu.<\/strong><\/p>\n\n\n\n<p>Pela primeira vez, Pedro saiu de casa com um grupo de amigos.<br>N\u00e3o com a fam\u00edlia.<br>N\u00e3o com os bra\u00e7os sempre prontos para aparar quedas.<br>Mas com o mundo.<\/p>\n\n\n\n<p>Aquilo que muitos \u2014 at\u00e9 a fam\u00edlia \u2014 sempre disseram ser imposs\u00edvel:<\/p>\n\n\n\n<p>\u201cN\u00e3o d\u00e1.\u201d<br>\u201cEle n\u00e3o vai aguentar.\u201d<br>\u201cE se acontecer alguma coisa?\u201d<\/p>\n\n\n\n<p>Pois aconteceu.<br>Aconteceu o que ningu\u00e9m previu: <strong>ele foi.<\/strong><\/p>\n\n\n\n<p>E eu fiquei.<br>Com esse vazio que dan\u00e7a com a alegria.<br>Com esse eco nas paredes que me lembra que ser m\u00e3e at\u00edpica tamb\u00e9m \u00e9 aprender a confiar.<\/p>\n\n\n\n<p><strong>Confiar no mundo<\/strong>, mesmo que ele n\u00e3o esteja pronto para os nossos filhos.<br><strong>Confiar neles<\/strong>, mesmo quando ainda n\u00e3o sabem amarrar os pr\u00f3prios sapatos.<br><strong>Confiar que amar n\u00e3o \u00e9 conter \u2014 \u00e9 preparar para o dia em que n\u00e3o estaremos mais por perto.<\/strong><\/p>\n\n\n\n<p>A primeira sa\u00edda tem sabor de ensaio do futuro.<\/p>\n\n\n\n<p>Porque, no fundo, o que mais desejamos \u00e9 que <strong>eles sejam livres<\/strong>.<\/p>\n\n\n\n<p>Viagens como estas n\u00e3o s\u00e3o apenas passeio \u2014 s\u00e3o ensaio de autonomia, treino de coragem, aula pr\u00e1tica de confian\u00e7a.<\/p>\n\n\n\n<p>E talvez, no esfor\u00e7o exausto de proteger do mundo \u2014 porque o mundo n\u00e3o se preparou para receb\u00ea-los \u2014, tenhamos ficado entre eles e certas experi\u00eancias.<br>N\u00e3o por ego\u00edsmo. Mas porque quase nunca h\u00e1 rede, apoio, confian\u00e7a.<br>E quando n\u00e3o h\u00e1 ningu\u00e9m para segurar junto, a gente segura tudo.<br><strong>Inclusive demais.<\/strong><\/p>\n\n\n\n<p>Mas h\u00e1 exce\u00e7\u00f5es.<br>E hoje eu quero agradecer uma delas.<\/p>\n\n\n\n<p>A equipe do Paral\u00edmpico \u2014 esses profissionais que v\u00e3o al\u00e9m da t\u00e9cnica \u2014 est\u00e1 a construir <strong>pontes para a autonomia<\/strong>.<\/p>\n\n\n\n<p>Cada mensagem enviada.<br>Cada foto compartilhada.<br>Cada detalhe contado da viagem&#8230;<\/p>\n\n\n\n<p>\u00c9 como se me tomassem pela m\u00e3o e dissessem:<\/p>\n\n\n\n<p><strong>\u201cEle est\u00e1 bem. Ele est\u00e1 indo.\u201d<\/strong><\/p>\n\n\n\n<p>E eu acredito. Porque vejo. Porque sinto.<\/p>\n\n\n\n<p>Inclus\u00e3o n\u00e3o \u00e9 discurso.<br><strong>Inclus\u00e3o \u00e9 gesto. \u00c9 presen\u00e7a.<\/strong><br>\u00c9 fazer com que uma m\u00e3e consiga, pela primeira vez, dormir sem culpa \u2014 mesmo quando chegam mensagens dizendo:<\/p>\n\n\n\n<p>\u201cComo voc\u00ea teve coragem de deix\u00e1-lo ir sozinho?\u201d<\/p>\n\n\n\n<p>E \u00e9 a\u00ed que eu entendo:<\/p>\n\n\n\n<p><strong>Coragem n\u00e3o \u00e9 aus\u00eancia de medo.<\/strong><br>Coragem \u00e9 o que a gente precisa para n\u00e3o impedir que nossos filhos sejam quem s\u00e3o.<\/p>\n\n\n\n<p>Hoje, Pedro est\u00e1 em outra cidade.<br>E o mundo vai ter que lidar com ele.<br>E eu&#8230; com esse sil\u00eancio.<\/p>\n\n\n\n<p>Um sil\u00eancio cheio de barulho.<br>Um sil\u00eancio entre as paredes.<br>Um sil\u00eancio cheio de amor.<\/p>\n\n\n\n<p>Se est\u00e1s a ler isto e tamb\u00e9m \u00e9s cuidador \u2014 ou cuidadora \u2014 talvez conhe\u00e7as bem esse sil\u00eancio que ocupa a casa quando um filho parte pela primeira vez. Um sil\u00eancio que n\u00e3o \u00e9 vazio. \u00c9 cheio de amor, medo, coragem e, sobretudo, confian\u00e7a.<\/p>\n\n\n\n<p>Que mais m\u00e3es, pais, cuidadores e educadores tenham a chance de dizer, com orgulho:<\/p>\n\n\n\n<p><strong>&#8220;E ele foi.&#8221;<\/strong><\/p>\n\n\n\n<h3><strong>E tu, cuidador(a)? J\u00e1 viveste algo semelhante?<\/strong><\/h3>\n\n\n\n<p>Deixa nos coment\u00e1rios. Vamos partilhar o peso \u2014 e a beleza \u2014 de cuidar.<\/p>\n\n\n\n<h3><strong>P.S.<\/strong><\/h3>\n\n\n\n<p>Sim, eu posso ligar.<br>Mas n\u00e3o ligo.<br>Porque confiar, \u00e0s vezes, \u00e9 n\u00e3o interromper.<\/p>\n\n\n\n<p>A equipe envia fotos, v\u00eddeos, hor\u00e1rios, detalhes&#8230;<br>Caf\u00e9 da manh\u00e3. Competi\u00e7\u00e3o. Almo\u00e7o. Hora de dormir.<br>Sei de tudo.<\/p>\n\n\n\n<p>Mas mesmo assim, fico aqui \u2014 <strong>meio fora de \u00f3rbita<\/strong>,<br>esperando cada toque no celular como quem espera um sinal de vida.<\/p>\n\n\n\n<p>E isso tamb\u00e9m \u00e9 amar:<br><strong>conter o impulso.<\/strong><br>Para que ele continue indo.<\/p>\n","protected":false},"excerpt":{"rendered":"<p>Esta cr\u00f3nica nasceu de um dia aparentemente comum \u2014 mas que para mim, como m\u00e3e at\u00edpica, significou muito mais do que uma viagem. Foi o in\u00edcio de uma travessia silenciosa, cheia de aus\u00eancia, alegria e coragem. Quinta-feira, 06h00, 2 de outubro de 2025.Dia inesquec\u00edvel para muitas das crian\u00e7as, adolescentes e jovens que participam do Paral\u00edmpico &hellip;<\/p>\n<p class=\"read-more\"> <a class=\"\" href=\"https:\/\/quemcuidadocuidador.com.br\/index.php\/2025\/10\/04\/e-pedro-foi\/\"> <span class=\"screen-reader-text\">E Pedro foi&#8230;<\/span> Leia mais &raquo;<\/a><\/p>\n","protected":false},"author":2,"featured_media":1042,"comment_status":"open","ping_status":"open","sticky":false,"template":"","format":"standard","meta":{"om_disable_all_campaigns":false,"_monsterinsights_skip_tracking":false,"_monsterinsights_sitenote_active":false,"_monsterinsights_sitenote_note":"","_monsterinsights_sitenote_category":0,"site-sidebar-layout":"","site-content-layout":"","ast-main-header-display":"","ast-hfb-above-header-display":"","ast-hfb-below-header-display":"","ast-hfb-mobile-header-display":"","site-post-title":"","ast-breadcrumbs-content":"","ast-featured-img":"","footer-sml-layout":"","theme-transparent-header-meta":"","adv-header-id-meta":"","stick-header-meta":"","header-above-stick-meta":"","header-main-stick-meta":"","header-below-stick-meta":""},"categories":[5],"tags":[],"uagb_featured_image_src":{"full":["https:\/\/quemcuidadocuidador.com.br\/wp-content\/uploads\/2025\/10\/WhatsApp-Image-2025-10-03-at-17.55.22.jpeg",960,1280,false],"thumbnail":["https:\/\/quemcuidadocuidador.com.br\/wp-content\/uploads\/2025\/10\/WhatsApp-Image-2025-10-03-at-17.55.22-150x150.jpeg",150,150,true],"medium":["https:\/\/quemcuidadocuidador.com.br\/wp-content\/uploads\/2025\/10\/WhatsApp-Image-2025-10-03-at-17.55.22-225x300.jpeg",225,300,true],"medium_large":["https:\/\/quemcuidadocuidador.com.br\/wp-content\/uploads\/2025\/10\/WhatsApp-Image-2025-10-03-at-17.55.22-768x1024.jpeg",768,1024,true],"large":["https:\/\/quemcuidadocuidador.com.br\/wp-content\/uploads\/2025\/10\/WhatsApp-Image-2025-10-03-at-17.55.22-768x1024.jpeg",768,1024,true],"1536x1536":["https:\/\/quemcuidadocuidador.com.br\/wp-content\/uploads\/2025\/10\/WhatsApp-Image-2025-10-03-at-17.55.22.jpeg",960,1280,false],"2048x2048":["https:\/\/quemcuidadocuidador.com.br\/wp-content\/uploads\/2025\/10\/WhatsApp-Image-2025-10-03-at-17.55.22.jpeg",960,1280,false]},"uagb_author_info":{"display_name":"Cicera A Feitosa","author_link":"https:\/\/quemcuidadocuidador.com.br\/index.php\/author\/cicera\/"},"uagb_comment_info":13,"uagb_excerpt":"Esta cr\u00f3nica nasceu de um dia aparentemente comum \u2014 mas que para mim, como m\u00e3e at\u00edpica, significou muito mais do que uma viagem. Foi o in\u00edcio de uma travessia silenciosa, cheia de aus\u00eancia, alegria e coragem. Quinta-feira, 06h00, 2 de outubro de 2025.Dia inesquec\u00edvel para muitas das crian\u00e7as, adolescentes e jovens que participam do Paral\u00edmpico&hellip;","_links":{"self":[{"href":"https:\/\/quemcuidadocuidador.com.br\/index.php\/wp-json\/wp\/v2\/posts\/1041"}],"collection":[{"href":"https:\/\/quemcuidadocuidador.com.br\/index.php\/wp-json\/wp\/v2\/posts"}],"about":[{"href":"https:\/\/quemcuidadocuidador.com.br\/index.php\/wp-json\/wp\/v2\/types\/post"}],"author":[{"embeddable":true,"href":"https:\/\/quemcuidadocuidador.com.br\/index.php\/wp-json\/wp\/v2\/users\/2"}],"replies":[{"embeddable":true,"href":"https:\/\/quemcuidadocuidador.com.br\/index.php\/wp-json\/wp\/v2\/comments?post=1041"}],"version-history":[{"count":2,"href":"https:\/\/quemcuidadocuidador.com.br\/index.php\/wp-json\/wp\/v2\/posts\/1041\/revisions"}],"predecessor-version":[{"id":1044,"href":"https:\/\/quemcuidadocuidador.com.br\/index.php\/wp-json\/wp\/v2\/posts\/1041\/revisions\/1044"}],"wp:featuredmedia":[{"embeddable":true,"href":"https:\/\/quemcuidadocuidador.com.br\/index.php\/wp-json\/wp\/v2\/media\/1042"}],"wp:attachment":[{"href":"https:\/\/quemcuidadocuidador.com.br\/index.php\/wp-json\/wp\/v2\/media?parent=1041"}],"wp:term":[{"taxonomy":"category","embeddable":true,"href":"https:\/\/quemcuidadocuidador.com.br\/index.php\/wp-json\/wp\/v2\/categories?post=1041"},{"taxonomy":"post_tag","embeddable":true,"href":"https:\/\/quemcuidadocuidador.com.br\/index.php\/wp-json\/wp\/v2\/tags?post=1041"}],"curies":[{"name":"wp","href":"https:\/\/api.w.org\/{rel}","templated":true}]}}