{"id":1036,"date":"2025-09-20T06:28:50","date_gmt":"2025-09-20T10:28:50","guid":{"rendered":"https:\/\/quemcuidadocuidador.com.br\/?p=1036"},"modified":"2025-09-20T06:28:52","modified_gmt":"2025-09-20T10:28:52","slug":"setembro-tres-causas-uma-so-urgencia","status":"publish","type":"post","link":"https:\/\/quemcuidadocuidador.com.br\/index.php\/2025\/09\/20\/setembro-tres-causas-uma-so-urgencia\/","title":{"rendered":"Setembro \u2013 Tr\u00eas Causas, Uma S\u00f3 Urg\u00eancia"},"content":{"rendered":"\n<p><strong>O fio que une: ouvir, acolher, incluir<\/strong><strong><\/strong><\/p>\n\n\n\n<p>Setembro carrega tr\u00eas cores e tr\u00eas causas. Tr\u00eas formas diferentes de lutar por um mesmo direito: <strong>viver com dignidade<\/strong>.<br>O m\u00eas \u00e9 <strong>amarelo<\/strong>, quando falamos da dor silenciosa que pode levar algu\u00e9m ao limite.<br>\u00c9 <strong>azul<\/strong>, quando lembramos das vozes que o mundo ainda n\u00e3o aprendeu a escutar.<br>E \u00e9 <strong>verde<\/strong>, quando somos chamados a olhar de frente para as barreiras que afastam pessoas com defici\u00eancia de uma vida plena.<\/p>\n\n\n\n<p>Em comum, est\u00e1 o <strong>clamor por respeito, por escuta e por a\u00e7\u00e3o<\/strong>.<\/p>\n\n\n\n<h3><strong>Setembro Amarelo \u2013 Falar sobre dor \u00e9 salvar vidas<\/strong><\/h3>\n\n\n\n<p>A preven\u00e7\u00e3o ao suic\u00eddio come\u00e7a muito antes da crise. Come\u00e7a quando algu\u00e9m sente que pode ser ouvido, <strong>sem julgamento<\/strong>.<br>H\u00e1 dores que n\u00e3o t\u00eam nome, mas t\u00eam sinais. E muitas vezes, basta <strong>algu\u00e9m que pergunte com interesse verdadeiro<\/strong>: &#8220;Como voc\u00ea est\u00e1 de verdade?&#8221;.<br>Falar sobre suic\u00eddio <strong>n\u00e3o incentiva, n\u00e3o banaliza \u2014 salva vidas<\/strong>.<br>No Conselho, reafirmamos: <strong>o sil\u00eancio, neste caso, mata. A escuta \u00e9 o primeiro passo para o cuidado.<\/strong><\/p>\n\n\n\n<h3><strong>Setembro Azul \u2013 Quem vive em outra l\u00edngua tamb\u00e9m tem o que dizer<\/strong><\/h3>\n\n\n\n<p>Ser surdo n\u00e3o \u00e9 ser incapaz. \u00c9 falar uma <strong>outra l\u00edngua<\/strong> \u2013 a L\u00edngua Brasileira de Sinais (Libras), que ainda n\u00e3o \u00e9 tratada com o devido respeito.<br>Sete em cada dez surdos no Brasil <strong>n\u00e3o t\u00eam acesso pleno \u00e0 educa\u00e7\u00e3o bil\u00edngue<\/strong>.<br>E a presen\u00e7a de int\u00e9rpretes de Libras nas institui\u00e7\u00f5es p\u00fablicas ainda \u00e9 <strong>insuficiente e, muitas vezes, ignorada<\/strong> \u2014 o que compromete o acesso \u00e0 sa\u00fade, \u00e0 justi\u00e7a, \u00e0 educa\u00e7\u00e3o e aos servi\u00e7os b\u00e1sicos.<\/p>\n\n\n\n<p>Falar de inclus\u00e3o \u00e9, antes de tudo, <strong>reconhecer a surdez como parte da diversidade humana<\/strong>, e n\u00e3o como uma limita\u00e7\u00e3o.<\/p>\n\n\n\n<h3><strong>Setembro Verde \u2013 Pessoas com defici\u00eancia existem, resistem, e t\u00eam direitos<\/strong><\/h3>\n\n\n\n<p>Rampas de acesso, cadeiras de rodas adaptadas, int\u00e9rpretes, acessibilidade digital e arquitet\u00f4nica&#8230; tudo isso \u00e9 importante.<br>Mas <strong>inclus\u00e3o come\u00e7a na atitude<\/strong>: quando enxergamos a pessoa antes da limita\u00e7\u00e3o.<br>Pessoas com defici\u00eancia n\u00e3o precisam de piedade, mas de <strong>acesso, voz, participa\u00e7\u00e3o e respeito<\/strong>.<\/p>\n\n\n\n<p>O capacitismo ainda silencia sonhos. A exclus\u00e3o muitas vezes \u00e9 mascarada de descaso ou despreparo.<br><strong>\u00c9 hora de mudar isso.<\/strong><\/p>\n\n\n\n<h3><strong>Tr\u00eas cores, um s\u00f3 chamado: ver o outro por inteiro<\/strong><\/h3>\n\n\n\n<p>O que une essas tr\u00eas causas \u00e9 o que, tantas vezes, falta no cotidiano: <strong>aten\u00e7\u00e3o real ao outro<\/strong>.<br>Que setembro nos lembre que <strong>inclus\u00e3o n\u00e3o \u00e9 caridade \u2014 \u00e9 justi\u00e7a, \u00e9 cidadania<\/strong>.<br>E que ouvir, acolher e agir podem, sim, <strong>salvar uma vida, abrir uma porta ou devolver um sonho.<\/strong><\/p>\n","protected":false},"excerpt":{"rendered":"<p>O fio que une: ouvir, acolher, incluir Setembro carrega tr\u00eas cores e tr\u00eas causas. Tr\u00eas formas diferentes de lutar por um mesmo direito: viver com dignidade.O m\u00eas \u00e9 amarelo, quando falamos da dor silenciosa que pode levar algu\u00e9m ao limite.\u00c9 azul, quando lembramos das vozes que o mundo ainda n\u00e3o aprendeu a escutar.E \u00e9 verde, &hellip;<\/p>\n<p class=\"read-more\"> <a class=\"\" href=\"https:\/\/quemcuidadocuidador.com.br\/index.php\/2025\/09\/20\/setembro-tres-causas-uma-so-urgencia\/\"> <span class=\"screen-reader-text\">Setembro \u2013 Tr\u00eas Causas, Uma S\u00f3 Urg\u00eancia<\/span> Leia mais &raquo;<\/a><\/p>\n","protected":false},"author":2,"featured_media":1037,"comment_status":"open","ping_status":"open","sticky":false,"template":"","format":"standard","meta":{"om_disable_all_campaigns":false,"_monsterinsights_skip_tracking":false,"_monsterinsights_sitenote_active":false,"_monsterinsights_sitenote_note":"","_monsterinsights_sitenote_category":0,"site-sidebar-layout":"","site-content-layout":"","ast-main-header-display":"","ast-hfb-above-header-display":"","ast-hfb-below-header-display":"","ast-hfb-mobile-header-display":"","site-post-title":"","ast-breadcrumbs-content":"","ast-featured-img":"","footer-sml-layout":"","theme-transparent-header-meta":"","adv-header-id-meta":"","stick-header-meta":"","header-above-stick-meta":"","header-main-stick-meta":"","header-below-stick-meta":""},"categories":[5],"tags":[],"uagb_featured_image_src":{"full":["https:\/\/quemcuidadocuidador.com.br\/wp-content\/uploads\/2025\/09\/Causas-de-Setembro_-Vida-Voz-Inclusao.png",1024,1024,false],"thumbnail":["https:\/\/quemcuidadocuidador.com.br\/wp-content\/uploads\/2025\/09\/Causas-de-Setembro_-Vida-Voz-Inclusao-150x150.png",150,150,true],"medium":["https:\/\/quemcuidadocuidador.com.br\/wp-content\/uploads\/2025\/09\/Causas-de-Setembro_-Vida-Voz-Inclusao-300x300.png",300,300,true],"medium_large":["https:\/\/quemcuidadocuidador.com.br\/wp-content\/uploads\/2025\/09\/Causas-de-Setembro_-Vida-Voz-Inclusao-768x768.png",768,768,true],"large":["https:\/\/quemcuidadocuidador.com.br\/wp-content\/uploads\/2025\/09\/Causas-de-Setembro_-Vida-Voz-Inclusao-1024x1024.png",1024,1024,true],"1536x1536":["https:\/\/quemcuidadocuidador.com.br\/wp-content\/uploads\/2025\/09\/Causas-de-Setembro_-Vida-Voz-Inclusao.png",1024,1024,false],"2048x2048":["https:\/\/quemcuidadocuidador.com.br\/wp-content\/uploads\/2025\/09\/Causas-de-Setembro_-Vida-Voz-Inclusao.png",1024,1024,false]},"uagb_author_info":{"display_name":"Cicera A Feitosa","author_link":"https:\/\/quemcuidadocuidador.com.br\/index.php\/author\/cicera\/"},"uagb_comment_info":2,"uagb_excerpt":"O fio que une: ouvir, acolher, incluir Setembro carrega tr\u00eas cores e tr\u00eas causas. Tr\u00eas formas diferentes de lutar por um mesmo direito: viver com dignidade.O m\u00eas \u00e9 amarelo, quando falamos da dor silenciosa que pode levar algu\u00e9m ao limite.\u00c9 azul, quando lembramos das vozes que o mundo ainda n\u00e3o aprendeu a escutar.E \u00e9 verde,&hellip;","_links":{"self":[{"href":"https:\/\/quemcuidadocuidador.com.br\/index.php\/wp-json\/wp\/v2\/posts\/1036"}],"collection":[{"href":"https:\/\/quemcuidadocuidador.com.br\/index.php\/wp-json\/wp\/v2\/posts"}],"about":[{"href":"https:\/\/quemcuidadocuidador.com.br\/index.php\/wp-json\/wp\/v2\/types\/post"}],"author":[{"embeddable":true,"href":"https:\/\/quemcuidadocuidador.com.br\/index.php\/wp-json\/wp\/v2\/users\/2"}],"replies":[{"embeddable":true,"href":"https:\/\/quemcuidadocuidador.com.br\/index.php\/wp-json\/wp\/v2\/comments?post=1036"}],"version-history":[{"count":1,"href":"https:\/\/quemcuidadocuidador.com.br\/index.php\/wp-json\/wp\/v2\/posts\/1036\/revisions"}],"predecessor-version":[{"id":1038,"href":"https:\/\/quemcuidadocuidador.com.br\/index.php\/wp-json\/wp\/v2\/posts\/1036\/revisions\/1038"}],"wp:featuredmedia":[{"embeddable":true,"href":"https:\/\/quemcuidadocuidador.com.br\/index.php\/wp-json\/wp\/v2\/media\/1037"}],"wp:attachment":[{"href":"https:\/\/quemcuidadocuidador.com.br\/index.php\/wp-json\/wp\/v2\/media?parent=1036"}],"wp:term":[{"taxonomy":"category","embeddable":true,"href":"https:\/\/quemcuidadocuidador.com.br\/index.php\/wp-json\/wp\/v2\/categories?post=1036"},{"taxonomy":"post_tag","embeddable":true,"href":"https:\/\/quemcuidadocuidador.com.br\/index.php\/wp-json\/wp\/v2\/tags?post=1036"}],"curies":[{"name":"wp","href":"https:\/\/api.w.org\/{rel}","templated":true}]}}