{"id":1033,"date":"2025-09-14T10:23:21","date_gmt":"2025-09-14T14:23:21","guid":{"rendered":"https:\/\/quemcuidadocuidador.com.br\/?p=1033"},"modified":"2025-09-14T10:23:22","modified_gmt":"2025-09-14T14:23:22","slug":"o-gesto-que-fala","status":"publish","type":"post","link":"https:\/\/quemcuidadocuidador.com.br\/index.php\/2025\/09\/14\/o-gesto-que-fala\/","title":{"rendered":"O Gesto que Fala"},"content":{"rendered":"\n<p>No dia 29 de agosto de 2025, levei Pedro Henrique comigo \u00e0 UNEMAT. No p\u00e1tio, ele olhou para o pr\u00e9dio e perguntou:<br>\u2014 Qual ser\u00e1 a sala da Evelyn?<br>Disse que n\u00e3o sabia. Entramos. Quando a viu, sorriu e foi sentar-se ao lado dela.<br>Nada mais foi preciso. Era ali que ele queria estar.<\/p>\n\n\n\n<p>Participei da palestra <em>Autismo, Sil\u00eancio e Sensibilidade \u2013 o papel do professor e as novas possibilidades<\/em> com os acad\u00eamicos de Pedagogia da Universidade Estadual de Mato Grosso. Compartilhei a hist\u00f3ria do meu filho, com S\u00edndrome Doose e marcada por um diagn\u00f3stico tardio de autismo \u2014 que, embora n\u00e3o o tenha impedido de concluir o Ensino M\u00e9dio, o afastou da alfabetiza\u00e7\u00e3o. Isso o excluiu de dois direitos fundamentais: universidade e trabalho. E, mesmo assim, n\u00e3o pode receber o BPC.<\/p>\n\n\n\n<p>Falei sobre a import\u00e2ncia de identificar sinais, de orientar fam\u00edlias, de estudar n\u00e3o para rotular, mas para acolher. Ressaltei como a tecnologia pode ser aliada, mas reforcei que nenhuma ferramenta substitui a escolha mais essencial do educador: querer enxergar.<\/p>\n\n\n\n<p>Acolher o diferente come\u00e7a com sensibilidade. E servir, como disse naquele encontro, \u00e9 uma das formas mais nobres de amar com atitude.<\/p>\n\n\n\n<p>Acredito que esta seja uma turma com olhar mais depurado, pois na sala tem um colega, com defici\u00eancia.<\/p>\n\n\n\n<p>Sa\u00ed dali com esperan\u00e7a renovada \u2014 pela escuta atenta dos jovens, a possibilidade que alguns possam transformar o tema em objeto de pesquisa e pelo sorriso silencioso de Pedro.<\/p>\n\n\n\n<p>Gratid\u00e3o \u00e0 professora Marilza Ribeiro pelo convite e aos acad\u00eamicos que ouviram com o cora\u00e7\u00e3o aberto.<\/p>\n","protected":false},"excerpt":{"rendered":"<p>No dia 29 de agosto de 2025, levei Pedro Henrique comigo \u00e0 UNEMAT. No p\u00e1tio, ele olhou para o pr\u00e9dio e perguntou:\u2014 Qual ser\u00e1 a sala da Evelyn?Disse que n\u00e3o sabia. Entramos. Quando a viu, sorriu e foi sentar-se ao lado dela.Nada mais foi preciso. Era ali que ele queria estar. Participei da palestra Autismo, &hellip;<\/p>\n<p class=\"read-more\"> <a class=\"\" href=\"https:\/\/quemcuidadocuidador.com.br\/index.php\/2025\/09\/14\/o-gesto-que-fala\/\"> <span class=\"screen-reader-text\">O Gesto que Fala<\/span> Leia mais &raquo;<\/a><\/p>\n","protected":false},"author":2,"featured_media":1034,"comment_status":"open","ping_status":"open","sticky":false,"template":"","format":"standard","meta":{"om_disable_all_campaigns":false,"_monsterinsights_skip_tracking":false,"_monsterinsights_sitenote_active":false,"_monsterinsights_sitenote_note":"","_monsterinsights_sitenote_category":0,"site-sidebar-layout":"","site-content-layout":"","ast-main-header-display":"","ast-hfb-above-header-display":"","ast-hfb-below-header-display":"","ast-hfb-mobile-header-display":"","site-post-title":"","ast-breadcrumbs-content":"","ast-featured-img":"","footer-sml-layout":"","theme-transparent-header-meta":"","adv-header-id-meta":"","stick-header-meta":"","header-above-stick-meta":"","header-main-stick-meta":"","header-below-stick-meta":""},"categories":[5],"tags":[],"uagb_featured_image_src":{"full":["https:\/\/quemcuidadocuidador.com.br\/wp-content\/uploads\/2025\/09\/WhatsApp-Image-2025-08-30-at-08.42.44-scaled.jpeg",1920,2560,false],"thumbnail":["https:\/\/quemcuidadocuidador.com.br\/wp-content\/uploads\/2025\/09\/WhatsApp-Image-2025-08-30-at-08.42.44-150x150.jpeg",150,150,true],"medium":["https:\/\/quemcuidadocuidador.com.br\/wp-content\/uploads\/2025\/09\/WhatsApp-Image-2025-08-30-at-08.42.44-225x300.jpeg",225,300,true],"medium_large":["https:\/\/quemcuidadocuidador.com.br\/wp-content\/uploads\/2025\/09\/WhatsApp-Image-2025-08-30-at-08.42.44-768x1024.jpeg",768,1024,true],"large":["https:\/\/quemcuidadocuidador.com.br\/wp-content\/uploads\/2025\/09\/WhatsApp-Image-2025-08-30-at-08.42.44-768x1024.jpeg",768,1024,true],"1536x1536":["https:\/\/quemcuidadocuidador.com.br\/wp-content\/uploads\/2025\/09\/WhatsApp-Image-2025-08-30-at-08.42.44-1152x1536.jpeg",1152,1536,true],"2048x2048":["https:\/\/quemcuidadocuidador.com.br\/wp-content\/uploads\/2025\/09\/WhatsApp-Image-2025-08-30-at-08.42.44-1536x2048.jpeg",1536,2048,true]},"uagb_author_info":{"display_name":"Cicera A Feitosa","author_link":"https:\/\/quemcuidadocuidador.com.br\/index.php\/author\/cicera\/"},"uagb_comment_info":3,"uagb_excerpt":"No dia 29 de agosto de 2025, levei Pedro Henrique comigo \u00e0 UNEMAT. No p\u00e1tio, ele olhou para o pr\u00e9dio e perguntou:\u2014 Qual ser\u00e1 a sala da Evelyn?Disse que n\u00e3o sabia. Entramos. Quando a viu, sorriu e foi sentar-se ao lado dela.Nada mais foi preciso. Era ali que ele queria estar. Participei da palestra Autismo,&hellip;","_links":{"self":[{"href":"https:\/\/quemcuidadocuidador.com.br\/index.php\/wp-json\/wp\/v2\/posts\/1033"}],"collection":[{"href":"https:\/\/quemcuidadocuidador.com.br\/index.php\/wp-json\/wp\/v2\/posts"}],"about":[{"href":"https:\/\/quemcuidadocuidador.com.br\/index.php\/wp-json\/wp\/v2\/types\/post"}],"author":[{"embeddable":true,"href":"https:\/\/quemcuidadocuidador.com.br\/index.php\/wp-json\/wp\/v2\/users\/2"}],"replies":[{"embeddable":true,"href":"https:\/\/quemcuidadocuidador.com.br\/index.php\/wp-json\/wp\/v2\/comments?post=1033"}],"version-history":[{"count":1,"href":"https:\/\/quemcuidadocuidador.com.br\/index.php\/wp-json\/wp\/v2\/posts\/1033\/revisions"}],"predecessor-version":[{"id":1035,"href":"https:\/\/quemcuidadocuidador.com.br\/index.php\/wp-json\/wp\/v2\/posts\/1033\/revisions\/1035"}],"wp:featuredmedia":[{"embeddable":true,"href":"https:\/\/quemcuidadocuidador.com.br\/index.php\/wp-json\/wp\/v2\/media\/1034"}],"wp:attachment":[{"href":"https:\/\/quemcuidadocuidador.com.br\/index.php\/wp-json\/wp\/v2\/media?parent=1033"}],"wp:term":[{"taxonomy":"category","embeddable":true,"href":"https:\/\/quemcuidadocuidador.com.br\/index.php\/wp-json\/wp\/v2\/categories?post=1033"},{"taxonomy":"post_tag","embeddable":true,"href":"https:\/\/quemcuidadocuidador.com.br\/index.php\/wp-json\/wp\/v2\/tags?post=1033"}],"curies":[{"name":"wp","href":"https:\/\/api.w.org\/{rel}","templated":true}]}}