{"id":1029,"date":"2025-09-06T12:27:47","date_gmt":"2025-09-06T16:27:47","guid":{"rendered":"https:\/\/quemcuidadocuidador.com.br\/?p=1029"},"modified":"2025-09-06T12:27:48","modified_gmt":"2025-09-06T16:27:48","slug":"o-ultimo-azul-entre-o-direito-de-viver-e-a-realidade-de-sobreviver","status":"publish","type":"post","link":"https:\/\/quemcuidadocuidador.com.br\/index.php\/2025\/09\/06\/o-ultimo-azul-entre-o-direito-de-viver-e-a-realidade-de-sobreviver\/","title":{"rendered":"O \u00daltimo Azul \u2014 Entre o Direito de Viver e a Realidade de Sobreviver"},"content":{"rendered":"\n<p><em>Uma reflex\u00e3o sobre o abandono que o envelhecimento escancara<\/em><\/p>\n\n\n\n<p>Fui ao cinema com amigas \u2014 todas mulheres a viverem \u201ca melhor idade\u201d, bem resolvidas, alegres, com autonomia e vida social ativa. O filme era <em>O \u00daltimo Azul<\/em>. E foi imposs\u00edvel sair da sala sem um peso: enquanto algumas vivem a maturidade como celebra\u00e7\u00e3o, outras a vivem como senten\u00e7a.<\/p>\n\n\n\n<p>No filme, uma idosa solit\u00e1ria \u00e9 rejeitada pela pr\u00f3pria comunidade. N\u00e3o por um erro cometido, mas apenas por existir. Ela \u00e9 denunciada por estar ali.<br>O que deveria ser uma rede de prote\u00e7\u00e3o transforma-se numa rede de exclus\u00e3o.<br>E me vi pensando no Pedro \u2014 meu filho \u2014 e na vez em que fui ao INSS para pedir o que j\u00e1 deveria ser um direito garantido.<\/p>\n\n\n\n<p>Disseram que ele tem direito ao BPC.<br>O motivo? A renda per capita da casa ultrapassava o limite permitido por lei.<br>Me explicaram que, talvez, se houvesse <strong>comprova\u00e7\u00e3o de gastos extras<\/strong>, como fraldas, o aux\u00edlio poderia ser reconsiderado.<\/p>\n\n\n\n<p>Fraldas.<\/p>\n\n\n\n<p>Foi assim que tentaram definir o valor da defici\u00eancia.<br>Fraldas \u2014 e n\u00e3o cultura, n\u00e3o dignidade, n\u00e3o direito ao lazer, \u00e0 arte, ao afeto, \u00e0 autonomia.<br>Pedi exemplos de gastos aceitos.<br>Ouvi: &#8220;fraldas&#8221;, &#8220;rem\u00e9dios&#8221;, &#8220;consultas m\u00e9dicas&#8221;.<\/p>\n\n\n\n<p>Nunca ouvi: \u201cdireito \u00e0 vida plena\u201d.<\/p>\n\n\n\n<p>A Constitui\u00e7\u00e3o diz que todos t\u00eam direito \u00e0 cultura, ao lazer, \u00e0 dignidade.<br>Mas, na pr\u00e1tica, o que se garante \u00e9 <strong>um c\u00e1lculo de mis\u00e9ria controlada<\/strong>: um aux\u00edlio que impede a fome, mas que n\u00e3o permite a vida.<br>Ficar do lado de c\u00e1 da mis\u00e9ria absoluta \u2014 e s\u00f3.<\/p>\n\n\n\n<p>Enquanto isso, vejo minhas amigas dan\u00e7arem, marcarem jantares, participarem de grupos, viajarem, escolherem seus destinos com a leveza de quem pode.<br>H\u00e1 entre elas uma senhora de mais de 70 que ainda usa salto agulha.<br>E n\u00e3o \u00e9 vaidade: \u00e9 s\u00edmbolo de quem <strong>ainda pode andar por si, sem se curvar ao peso das aus\u00eancias<\/strong>.<\/p>\n\n\n\n<p>Mas sei \u2014 e elas tamb\u00e9m sabem \u2014 que essa \u00e9 <strong>a realidade de uma minoria<\/strong>.<br>A outra parte envelhece em sil\u00eancio, escondida nos bastidores, sem espa\u00e7o para dan\u00e7ar, sem sal\u00e1rio para viajar, sem voz para reclamar.<br>O idoso pobre n\u00e3o \u00e9 visto como algu\u00e9m com direito ao futuro, mas como algu\u00e9m que j\u00e1 devia ter desaparecido.<\/p>\n\n\n\n<p><em>O \u00daltimo Azul<\/em> me lembrou que o abandono n\u00e3o come\u00e7a com a morte.<br>Come\u00e7a <strong>quando o outro se torna inc\u00f4modo demais para permanecer entre n\u00f3s.<\/strong><\/p>\n\n\n\n<p>E essa den\u00fancia \u00e9 nossa \u2014 para fazer enquanto ainda temos voz.<\/p>\n\n\n\n<p><strong>Existe mais de uma velhice no Brasil.<\/strong><br>E s\u00f3 algumas t\u00eam o privil\u00e9gio de serem celebradas.<br>As outras s\u00e3o apenas suportadas \u2014 quando n\u00e3o descartadas.<\/p>\n\n\n\n<p>Escrevo este texto como quem acende uma vela numa sala escura.<br>Para lembrar que viver com dignidade <strong>n\u00e3o pode ser um luxo.<\/strong><br>Deveria ser um <strong>direito garantido \u2014 para todos.<\/strong><\/p>\n","protected":false},"excerpt":{"rendered":"<p>Uma reflex\u00e3o sobre o abandono que o envelhecimento escancara Fui ao cinema com amigas \u2014 todas mulheres a viverem \u201ca melhor idade\u201d, bem resolvidas, alegres, com autonomia e vida social ativa. O filme era O \u00daltimo Azul. E foi imposs\u00edvel sair da sala sem um peso: enquanto algumas vivem a maturidade como celebra\u00e7\u00e3o, outras a &hellip;<\/p>\n<p class=\"read-more\"> <a class=\"\" href=\"https:\/\/quemcuidadocuidador.com.br\/index.php\/2025\/09\/06\/o-ultimo-azul-entre-o-direito-de-viver-e-a-realidade-de-sobreviver\/\"> <span class=\"screen-reader-text\">O \u00daltimo Azul \u2014 Entre o Direito de Viver e a Realidade de Sobreviver<\/span> Leia mais &raquo;<\/a><\/p>\n","protected":false},"author":2,"featured_media":1030,"comment_status":"open","ping_status":"open","sticky":false,"template":"","format":"standard","meta":{"om_disable_all_campaigns":false,"_monsterinsights_skip_tracking":false,"_monsterinsights_sitenote_active":false,"_monsterinsights_sitenote_note":"","_monsterinsights_sitenote_category":0,"site-sidebar-layout":"","site-content-layout":"","ast-main-header-display":"","ast-hfb-above-header-display":"","ast-hfb-below-header-display":"","ast-hfb-mobile-header-display":"","site-post-title":"","ast-breadcrumbs-content":"","ast-featured-img":"","footer-sml-layout":"","theme-transparent-header-meta":"","adv-header-id-meta":"","stick-header-meta":"","header-above-stick-meta":"","header-main-stick-meta":"","header-below-stick-meta":""},"categories":[5],"tags":[],"uagb_featured_image_src":{"full":["https:\/\/quemcuidadocuidador.com.br\/wp-content\/uploads\/2025\/09\/WhatsApp-Image-2025-09-06-at-11.38.00.jpeg",1600,1200,false],"thumbnail":["https:\/\/quemcuidadocuidador.com.br\/wp-content\/uploads\/2025\/09\/WhatsApp-Image-2025-09-06-at-11.38.00-150x150.jpeg",150,150,true],"medium":["https:\/\/quemcuidadocuidador.com.br\/wp-content\/uploads\/2025\/09\/WhatsApp-Image-2025-09-06-at-11.38.00-300x225.jpeg",300,225,true],"medium_large":["https:\/\/quemcuidadocuidador.com.br\/wp-content\/uploads\/2025\/09\/WhatsApp-Image-2025-09-06-at-11.38.00-768x576.jpeg",768,576,true],"large":["https:\/\/quemcuidadocuidador.com.br\/wp-content\/uploads\/2025\/09\/WhatsApp-Image-2025-09-06-at-11.38.00-1024x768.jpeg",1024,768,true],"1536x1536":["https:\/\/quemcuidadocuidador.com.br\/wp-content\/uploads\/2025\/09\/WhatsApp-Image-2025-09-06-at-11.38.00-1536x1152.jpeg",1536,1152,true],"2048x2048":["https:\/\/quemcuidadocuidador.com.br\/wp-content\/uploads\/2025\/09\/WhatsApp-Image-2025-09-06-at-11.38.00.jpeg",1600,1200,false]},"uagb_author_info":{"display_name":"Cicera A Feitosa","author_link":"https:\/\/quemcuidadocuidador.com.br\/index.php\/author\/cicera\/"},"uagb_comment_info":3,"uagb_excerpt":"Uma reflex\u00e3o sobre o abandono que o envelhecimento escancara Fui ao cinema com amigas \u2014 todas mulheres a viverem \u201ca melhor idade\u201d, bem resolvidas, alegres, com autonomia e vida social ativa. O filme era O \u00daltimo Azul. E foi imposs\u00edvel sair da sala sem um peso: enquanto algumas vivem a maturidade como celebra\u00e7\u00e3o, outras a&hellip;","_links":{"self":[{"href":"https:\/\/quemcuidadocuidador.com.br\/index.php\/wp-json\/wp\/v2\/posts\/1029"}],"collection":[{"href":"https:\/\/quemcuidadocuidador.com.br\/index.php\/wp-json\/wp\/v2\/posts"}],"about":[{"href":"https:\/\/quemcuidadocuidador.com.br\/index.php\/wp-json\/wp\/v2\/types\/post"}],"author":[{"embeddable":true,"href":"https:\/\/quemcuidadocuidador.com.br\/index.php\/wp-json\/wp\/v2\/users\/2"}],"replies":[{"embeddable":true,"href":"https:\/\/quemcuidadocuidador.com.br\/index.php\/wp-json\/wp\/v2\/comments?post=1029"}],"version-history":[{"count":1,"href":"https:\/\/quemcuidadocuidador.com.br\/index.php\/wp-json\/wp\/v2\/posts\/1029\/revisions"}],"predecessor-version":[{"id":1031,"href":"https:\/\/quemcuidadocuidador.com.br\/index.php\/wp-json\/wp\/v2\/posts\/1029\/revisions\/1031"}],"wp:featuredmedia":[{"embeddable":true,"href":"https:\/\/quemcuidadocuidador.com.br\/index.php\/wp-json\/wp\/v2\/media\/1030"}],"wp:attachment":[{"href":"https:\/\/quemcuidadocuidador.com.br\/index.php\/wp-json\/wp\/v2\/media?parent=1029"}],"wp:term":[{"taxonomy":"category","embeddable":true,"href":"https:\/\/quemcuidadocuidador.com.br\/index.php\/wp-json\/wp\/v2\/categories?post=1029"},{"taxonomy":"post_tag","embeddable":true,"href":"https:\/\/quemcuidadocuidador.com.br\/index.php\/wp-json\/wp\/v2\/tags?post=1029"}],"curies":[{"name":"wp","href":"https:\/\/api.w.org\/{rel}","templated":true}]}}