{"id":1025,"date":"2025-08-30T09:36:41","date_gmt":"2025-08-30T13:36:41","guid":{"rendered":"https:\/\/quemcuidadocuidador.com.br\/?p=1025"},"modified":"2025-08-30T09:36:42","modified_gmt":"2025-08-30T13:36:42","slug":"somos-mais-lilas-agosto-floresce-resistencia-em-cor-em-verso-em-coro","status":"publish","type":"post","link":"https:\/\/quemcuidadocuidador.com.br\/index.php\/2025\/08\/30\/somos-mais-lilas-agosto-floresce-resistencia-em-cor-em-verso-em-coro\/","title":{"rendered":"Somos Mais Lil\u00e1s, Agosto floresce resist\u00eancia \u2014 em cor, em verso, em coro"},"content":{"rendered":"\n<p>[Foto de cacho de flores de ip\u00ea-rosa com raios de sol atravessando as folhas \u2013 s\u00edmbolo de resist\u00eancia no m\u00eas de agosto]<\/p>\n\n\n\n<p>Em agosto, as flores rosas do ip\u00ea rompem o cinza da seca.<br>Como n\u00f3s \u2014 que tamb\u00e9m florescemos na resist\u00eancia.<br>Este \u00e9 o nosso verso.<\/p>\n\n\n\n<p><strong>Somos Mais Lil\u00e1s<\/strong><\/p>\n\n\n\n<p>Somos mais, somos muitas,<br>mais feridas, mais sabidas,<br>mas a luta n\u00e3o termina,<br>segue em trilhas repartidas.<\/p>\n\n\n\n<p>Ser maioria n\u00e3o basta,<br>se o poder fecha as sa\u00eddas.<br>Na pol\u00edtica masculina,<br>na justi\u00e7a que nos atrasa,<\/p>\n\n\n\n<p><em>na cultura patriarcal,<\/em><br><em>na linguagem silenciosa,<\/em><br><em>mas nos rasgamos o cinzento,<\/em><br><em>com um broto cor-de-rosa.<\/em><\/p>\n\n\n\n<p>Nos ensinaram desconfian\u00e7a,<br>a calar pra ser \u201cmulher certa\u201d,<br>a culpar a pr\u00f3pria v\u00edtima,<br>a trancar a porta aberta.<\/p>\n\n\n\n<p>Mas o coro se refaz<br>quando a dor vira tambor,<br>e o sil\u00eancio ganha voz<br>e o medo perde cor.<\/p>\n\n\n\n<p>A viol\u00eancia se camufla<br>sem deixar marca na pele:<br>no sal\u00e1rio que n\u00e3o chega,<br>na senha que nos repele,<\/p>\n\n\n\n<p>na piada que nos cala,<br>no afeto que nos fere.<br>Mesmo poucos, os homens<br>seguem a mandar na hist\u00f3ria:<\/p>\n\n\n\n<p>fazem leis, julgam processos,<br>controlam nossa mem\u00f3ria,<br>decidem o que \u00e9 piada,<br>o que vira riso ou gl\u00f3ria.<\/p>\n\n\n\n<p>Mas algo j\u00e1 se levanta,<br>tecido em nossas alian\u00e7as:<br>cada escuta \u00e9 uma fresta,<br>cada verso \u2014 esperan\u00e7a.<\/p>\n\n\n\n<p>Somos mais, somos lilases,<br>nossas dores \u2014 sementes.<br>E se o n\u00famero isolado<br>n\u00e3o faz for\u00e7a nem nos guia,<\/p>\n\n\n\n<p>o punho que nos oprime<br>h\u00e1 de tremer um dia:<br>quando o grito for coro<br>e o lil\u00e1s, poesia.<\/p>\n","protected":false},"excerpt":{"rendered":"<p>[Foto de cacho de flores de ip\u00ea-rosa com raios de sol atravessando as folhas \u2013 s\u00edmbolo de resist\u00eancia no m\u00eas de agosto] Em agosto, as flores rosas do ip\u00ea rompem o cinza da seca.Como n\u00f3s \u2014 que tamb\u00e9m florescemos na resist\u00eancia.Este \u00e9 o nosso verso. Somos Mais Lil\u00e1s Somos mais, somos muitas,mais feridas, mais sabidas,mas &hellip;<\/p>\n<p class=\"read-more\"> <a class=\"\" href=\"https:\/\/quemcuidadocuidador.com.br\/index.php\/2025\/08\/30\/somos-mais-lilas-agosto-floresce-resistencia-em-cor-em-verso-em-coro\/\"> <span class=\"screen-reader-text\">Somos Mais Lil\u00e1s, Agosto floresce resist\u00eancia \u2014 em cor, em verso, em coro<\/span> Leia mais &raquo;<\/a><\/p>\n","protected":false},"author":2,"featured_media":1026,"comment_status":"open","ping_status":"open","sticky":false,"template":"","format":"standard","meta":{"om_disable_all_campaigns":false,"_monsterinsights_skip_tracking":false,"_monsterinsights_sitenote_active":false,"_monsterinsights_sitenote_note":"","_monsterinsights_sitenote_category":0,"site-sidebar-layout":"","site-content-layout":"","ast-main-header-display":"","ast-hfb-above-header-display":"","ast-hfb-below-header-display":"","ast-hfb-mobile-header-display":"","site-post-title":"","ast-breadcrumbs-content":"","ast-featured-img":"","footer-sml-layout":"","theme-transparent-header-meta":"","adv-header-id-meta":"","stick-header-meta":"","header-above-stick-meta":"","header-main-stick-meta":"","header-below-stick-meta":""},"categories":[5],"tags":[],"uagb_featured_image_src":{"full":["https:\/\/quemcuidadocuidador.com.br\/wp-content\/uploads\/2025\/08\/WhatsApp-Image-2025-08-30-at-08.36.28.jpeg",960,1280,false],"thumbnail":["https:\/\/quemcuidadocuidador.com.br\/wp-content\/uploads\/2025\/08\/WhatsApp-Image-2025-08-30-at-08.36.28-150x150.jpeg",150,150,true],"medium":["https:\/\/quemcuidadocuidador.com.br\/wp-content\/uploads\/2025\/08\/WhatsApp-Image-2025-08-30-at-08.36.28-225x300.jpeg",225,300,true],"medium_large":["https:\/\/quemcuidadocuidador.com.br\/wp-content\/uploads\/2025\/08\/WhatsApp-Image-2025-08-30-at-08.36.28-768x1024.jpeg",768,1024,true],"large":["https:\/\/quemcuidadocuidador.com.br\/wp-content\/uploads\/2025\/08\/WhatsApp-Image-2025-08-30-at-08.36.28-768x1024.jpeg",768,1024,true],"1536x1536":["https:\/\/quemcuidadocuidador.com.br\/wp-content\/uploads\/2025\/08\/WhatsApp-Image-2025-08-30-at-08.36.28.jpeg",960,1280,false],"2048x2048":["https:\/\/quemcuidadocuidador.com.br\/wp-content\/uploads\/2025\/08\/WhatsApp-Image-2025-08-30-at-08.36.28.jpeg",960,1280,false]},"uagb_author_info":{"display_name":"Cicera A Feitosa","author_link":"https:\/\/quemcuidadocuidador.com.br\/index.php\/author\/cicera\/"},"uagb_comment_info":2,"uagb_excerpt":"[Foto de cacho de flores de ip\u00ea-rosa com raios de sol atravessando as folhas \u2013 s\u00edmbolo de resist\u00eancia no m\u00eas de agosto] Em agosto, as flores rosas do ip\u00ea rompem o cinza da seca.Como n\u00f3s \u2014 que tamb\u00e9m florescemos na resist\u00eancia.Este \u00e9 o nosso verso. Somos Mais Lil\u00e1s Somos mais, somos muitas,mais feridas, mais sabidas,mas&hellip;","_links":{"self":[{"href":"https:\/\/quemcuidadocuidador.com.br\/index.php\/wp-json\/wp\/v2\/posts\/1025"}],"collection":[{"href":"https:\/\/quemcuidadocuidador.com.br\/index.php\/wp-json\/wp\/v2\/posts"}],"about":[{"href":"https:\/\/quemcuidadocuidador.com.br\/index.php\/wp-json\/wp\/v2\/types\/post"}],"author":[{"embeddable":true,"href":"https:\/\/quemcuidadocuidador.com.br\/index.php\/wp-json\/wp\/v2\/users\/2"}],"replies":[{"embeddable":true,"href":"https:\/\/quemcuidadocuidador.com.br\/index.php\/wp-json\/wp\/v2\/comments?post=1025"}],"version-history":[{"count":1,"href":"https:\/\/quemcuidadocuidador.com.br\/index.php\/wp-json\/wp\/v2\/posts\/1025\/revisions"}],"predecessor-version":[{"id":1027,"href":"https:\/\/quemcuidadocuidador.com.br\/index.php\/wp-json\/wp\/v2\/posts\/1025\/revisions\/1027"}],"wp:featuredmedia":[{"embeddable":true,"href":"https:\/\/quemcuidadocuidador.com.br\/index.php\/wp-json\/wp\/v2\/media\/1026"}],"wp:attachment":[{"href":"https:\/\/quemcuidadocuidador.com.br\/index.php\/wp-json\/wp\/v2\/media?parent=1025"}],"wp:term":[{"taxonomy":"category","embeddable":true,"href":"https:\/\/quemcuidadocuidador.com.br\/index.php\/wp-json\/wp\/v2\/categories?post=1025"},{"taxonomy":"post_tag","embeddable":true,"href":"https:\/\/quemcuidadocuidador.com.br\/index.php\/wp-json\/wp\/v2\/tags?post=1025"}],"curies":[{"name":"wp","href":"https:\/\/api.w.org\/{rel}","templated":true}]}}