{"id":1022,"date":"2025-08-24T08:15:21","date_gmt":"2025-08-24T12:15:21","guid":{"rendered":"https:\/\/quemcuidadocuidador.com.br\/?p=1022"},"modified":"2025-08-24T08:15:22","modified_gmt":"2025-08-24T12:15:22","slug":"quando-pedro-danca","status":"publish","type":"post","link":"https:\/\/quemcuidadocuidador.com.br\/index.php\/2025\/08\/24\/quando-pedro-danca\/","title":{"rendered":"Quando Pedro Dan\u00e7a"},"content":{"rendered":"\n<p>Quando Pedro dan\u00e7a, algo raro acontece.<br>\u00c9 como se o corpo, que por tanto tempo foi campo de batalha, se tornasse palco.<\/p>\n\n\n\n<p>H\u00e1 \u00e9pocas em que Pedro fala com os bra\u00e7os \u2014 n\u00e3o por met\u00e1fora, mas por instinto. Quando est\u00e1 nervoso, leva o bra\u00e7o direito \u00e0 boca e morde com for\u00e7a. A pele, naquele ponto, ficou mais escura, mais espessa. Como se dissesse, em sil\u00eancio: aqui mora a tens\u00e3o.<\/p>\n\n\n\n<p>Nos dias dif\u00edceis, seus bra\u00e7os s\u00e3o como asas desgovernadas: copos, vasos, at\u00e9 uma televis\u00e3o j\u00e1 cederam ao impulso. Nessas horas, o mundo parece pequeno demais para o corpo dele.<\/p>\n\n\n\n<p>Por isso, quando Pedro dan\u00e7a, \u00e9 mais do que movimento. \u00c9 cura.<\/p>\n\n\n\n<p>A primeira vez foi no casamento da madrinha. Mais do que a cerim\u00f4nia, foi o processo: entregar convites, ensaiar, escolher a roupa. Pela primeira vez, Pedro n\u00e3o era espectador \u2014 era parte da festa. E naquele dia, vestido de pajem, dan\u00e7ou. Dan\u00e7ou com o corpo tranquilo, como quem diz: \u201caqui eu posso ser.\u201d<\/p>\n\n\n\n<p>A segunda dan\u00e7a veio aos 17. Quis ser Michael Jackson. Ensaiou com dois ex-alunos meus, buscou figurino, praticou com empenho. E no dia, ao seu tempo, brilhou. Dan\u00e7ou como quem se revela. Estava t\u00e3o bem que os medicamentos foram suspensos. A dan\u00e7a foi o diagn\u00f3stico: <strong>algo nele estava em harmonia.<\/strong><\/p>\n\n\n\n<p>Depois, o sil\u00eancio. A pandemia imp\u00f4s pausa ao mundo e tamb\u00e9m ao corpo dele. A dan\u00e7a recolheu-se.<\/p>\n\n\n\n<p>H\u00e1 pouco notei: o bra\u00e7o est\u00e1 mais claro. A pele voltou a suavizar. Ele quase n\u00e3o morde mais.<\/p>\n\n\n\n<p>&nbsp;E s\u00e1bado passado, no anivers\u00e1rio da Emilly, com m\u00fasica ao vivo, morros ao redor e fam\u00edlia que acolhe e pratica inclus\u00e3o. &nbsp;Pedro dan\u00e7ou com todos. N\u00e3o esperou convite: <strong>construiu o seu lugar no c\u00edrculo<\/strong>. Paulinho cedia as parceiras com riso, e Pedro ria junto. Os bra\u00e7os, antes desajeitados, agora desenhavam no ar uma alegria exata. Com leveza e presen\u00e7a.<\/p>\n\n\n\n<p>Dan\u00e7ou como quem sabe: <strong>n\u00e3o precisa mais se ferir para ser ouvido.<\/strong><\/p>\n\n\n\n<p>Tr\u00eas dan\u00e7as em 22 anos. Tr\u00eas momentos em que Pedro foi pleno. E o que mais me comove n\u00e3o \u00e9 o movimento em si \u2014 \u00e9 o que ele revela: quando Pedro dan\u00e7a, \u00e9 porque o mundo, dentro e fora, est\u00e1 em paz.<\/p>\n\n\n\n<p>Que possamos aprender a reconhecer os nossos pr\u00f3prios sinais de equil\u00edbrio. E, como Pedro, quando for tempo \u2014 que a gente tamb\u00e9m dance.<\/p>\n","protected":false},"excerpt":{"rendered":"<p>Quando Pedro dan\u00e7a, algo raro acontece.\u00c9 como se o corpo, que por tanto tempo foi campo de batalha, se tornasse palco. H\u00e1 \u00e9pocas em que Pedro fala com os bra\u00e7os \u2014 n\u00e3o por met\u00e1fora, mas por instinto. Quando est\u00e1 nervoso, leva o bra\u00e7o direito \u00e0 boca e morde com for\u00e7a. A pele, naquele ponto, ficou &hellip;<\/p>\n<p class=\"read-more\"> <a class=\"\" href=\"https:\/\/quemcuidadocuidador.com.br\/index.php\/2025\/08\/24\/quando-pedro-danca\/\"> <span class=\"screen-reader-text\">Quando Pedro Dan\u00e7a<\/span> Leia mais &raquo;<\/a><\/p>\n","protected":false},"author":2,"featured_media":1023,"comment_status":"open","ping_status":"open","sticky":false,"template":"","format":"standard","meta":{"om_disable_all_campaigns":false,"_monsterinsights_skip_tracking":false,"_monsterinsights_sitenote_active":false,"_monsterinsights_sitenote_note":"","_monsterinsights_sitenote_category":0,"site-sidebar-layout":"","site-content-layout":"","ast-main-header-display":"","ast-hfb-above-header-display":"","ast-hfb-below-header-display":"","ast-hfb-mobile-header-display":"","site-post-title":"","ast-breadcrumbs-content":"","ast-featured-img":"","footer-sml-layout":"","theme-transparent-header-meta":"","adv-header-id-meta":"","stick-header-meta":"","header-above-stick-meta":"","header-main-stick-meta":"","header-below-stick-meta":""},"categories":[5],"tags":[],"uagb_featured_image_src":{"full":["https:\/\/quemcuidadocuidador.com.br\/wp-content\/uploads\/2025\/08\/WhatsApp-Image-2025-08-23-at-13.17.31.jpeg",568,921,false],"thumbnail":["https:\/\/quemcuidadocuidador.com.br\/wp-content\/uploads\/2025\/08\/WhatsApp-Image-2025-08-23-at-13.17.31-150x150.jpeg",150,150,true],"medium":["https:\/\/quemcuidadocuidador.com.br\/wp-content\/uploads\/2025\/08\/WhatsApp-Image-2025-08-23-at-13.17.31-185x300.jpeg",185,300,true],"medium_large":["https:\/\/quemcuidadocuidador.com.br\/wp-content\/uploads\/2025\/08\/WhatsApp-Image-2025-08-23-at-13.17.31.jpeg",568,921,false],"large":["https:\/\/quemcuidadocuidador.com.br\/wp-content\/uploads\/2025\/08\/WhatsApp-Image-2025-08-23-at-13.17.31.jpeg",568,921,false],"1536x1536":["https:\/\/quemcuidadocuidador.com.br\/wp-content\/uploads\/2025\/08\/WhatsApp-Image-2025-08-23-at-13.17.31.jpeg",568,921,false],"2048x2048":["https:\/\/quemcuidadocuidador.com.br\/wp-content\/uploads\/2025\/08\/WhatsApp-Image-2025-08-23-at-13.17.31.jpeg",568,921,false]},"uagb_author_info":{"display_name":"Cicera A Feitosa","author_link":"https:\/\/quemcuidadocuidador.com.br\/index.php\/author\/cicera\/"},"uagb_comment_info":1,"uagb_excerpt":"Quando Pedro dan\u00e7a, algo raro acontece.\u00c9 como se o corpo, que por tanto tempo foi campo de batalha, se tornasse palco. H\u00e1 \u00e9pocas em que Pedro fala com os bra\u00e7os \u2014 n\u00e3o por met\u00e1fora, mas por instinto. Quando est\u00e1 nervoso, leva o bra\u00e7o direito \u00e0 boca e morde com for\u00e7a. A pele, naquele ponto, ficou&hellip;","_links":{"self":[{"href":"https:\/\/quemcuidadocuidador.com.br\/index.php\/wp-json\/wp\/v2\/posts\/1022"}],"collection":[{"href":"https:\/\/quemcuidadocuidador.com.br\/index.php\/wp-json\/wp\/v2\/posts"}],"about":[{"href":"https:\/\/quemcuidadocuidador.com.br\/index.php\/wp-json\/wp\/v2\/types\/post"}],"author":[{"embeddable":true,"href":"https:\/\/quemcuidadocuidador.com.br\/index.php\/wp-json\/wp\/v2\/users\/2"}],"replies":[{"embeddable":true,"href":"https:\/\/quemcuidadocuidador.com.br\/index.php\/wp-json\/wp\/v2\/comments?post=1022"}],"version-history":[{"count":1,"href":"https:\/\/quemcuidadocuidador.com.br\/index.php\/wp-json\/wp\/v2\/posts\/1022\/revisions"}],"predecessor-version":[{"id":1024,"href":"https:\/\/quemcuidadocuidador.com.br\/index.php\/wp-json\/wp\/v2\/posts\/1022\/revisions\/1024"}],"wp:featuredmedia":[{"embeddable":true,"href":"https:\/\/quemcuidadocuidador.com.br\/index.php\/wp-json\/wp\/v2\/media\/1023"}],"wp:attachment":[{"href":"https:\/\/quemcuidadocuidador.com.br\/index.php\/wp-json\/wp\/v2\/media?parent=1022"}],"wp:term":[{"taxonomy":"category","embeddable":true,"href":"https:\/\/quemcuidadocuidador.com.br\/index.php\/wp-json\/wp\/v2\/categories?post=1022"},{"taxonomy":"post_tag","embeddable":true,"href":"https:\/\/quemcuidadocuidador.com.br\/index.php\/wp-json\/wp\/v2\/tags?post=1022"}],"curies":[{"name":"wp","href":"https:\/\/api.w.org\/{rel}","templated":true}]}}