{"id":1017,"date":"2025-08-16T09:31:46","date_gmt":"2025-08-16T13:31:46","guid":{"rendered":"https:\/\/quemcuidadocuidador.com.br\/?p=1017"},"modified":"2025-08-16T09:31:47","modified_gmt":"2025-08-16T13:31:47","slug":"nao-e-desconhecimento-e-surdez-escolhida-nao-servirei","status":"publish","type":"post","link":"https:\/\/quemcuidadocuidador.com.br\/index.php\/2025\/08\/16\/nao-e-desconhecimento-e-surdez-escolhida-nao-servirei\/","title":{"rendered":"\u201cN\u00e3o \u00e9 desconhecimento. \u00c9 surdez escolhida. N\u00e3o servirei.\u201d"},"content":{"rendered":"\n<p>Em 1549, \u00c9tienne de La Bo\u00e9tie escreveu o <em>Discurso da Servid\u00e3o Volunt\u00e1ria<\/em>. Lembrou-nos que os grilh\u00f5es n\u00e3o s\u00e3o de ferro, mas de h\u00e1bito. Hoje, s\u00e9culos depois, os grilh\u00f5es mudaram de forma \u2014 chamam-se indiferen\u00e7a, discurso vazio, sil\u00eancio c\u00famplice.<\/p>\n\n\n\n<p>Na C\u00e2mara Municipal, vereadores alegam ignorar o aumento de crian\u00e7as autistas. N\u00e3o \u00e9 ignor\u00e2ncia. \u00c9 escolha. E quem escolhe n\u00e3o escutar, oprime. Quem finge n\u00e3o ver, sustenta a injusti\u00e7a.<\/p>\n\n\n\n<p>Contra essas correntes invis\u00edveis, este poema n\u00e3o se curva. Ele rompe.<\/p>\n\n\n\n<h3>&nbsp;POEMA: <strong>N\u00c3O SERVIREI<\/strong><\/h3>\n\n\n\n<p><strong>N\u00e3o tenho medo.<\/strong><br>Nem da mentira que se repete at\u00e9 virar lei,<br>nem das telas que hipnotizam,<br>nem do medo embalado em promessas,<br>nem da ordem disfar\u00e7ada de cuidado.<\/p>\n\n\n\n<p><strong>N\u00e3o tenho medo.<\/strong><br>Nem da fila que chamam de progresso,<br>nem da fome vestida de oportunidade,<br>nem da esmola trocada pelo meu sil\u00eancio.<\/p>\n\n\n\n<p><strong>Vejo as correntes invis\u00edveis:<\/strong><br>o costume que ensina a obedecer,<br>a distra\u00e7\u00e3o que apaga a mem\u00f3ria,<br>o medo que sussurra: <em>cala-te, sobrevive<\/em>,<br>a ilus\u00e3o de que um &#8220;like&#8221; muda o mundo,<br>o \u00f3dio que separa aliados naturais.<\/p>\n\n\n\n<p><strong>Mas escolho outro caminho.<\/strong><br>Rompo com o &#8220;sempre foi assim&#8221;.<br>Rompo com o &#8220;n\u00e3o adianta tentar&#8221;.<br>Rompo com a paz falsa que exige submiss\u00e3o.<\/p>\n\n\n\n<p><strong>A liberdade n\u00e3o se pede.<\/strong><br>Toma-se.<br>N\u00e3o desce do alto.<br>Brota do ch\u00e3o.<\/p>\n\n\n\n<p>E enquanto houver quem repita<br>que n\u00e3o d\u00e1 para mudar,<br>eu direi, com o corpo inteiro:<br><strong>N\u00e3o servirei.<\/strong><\/p>\n","protected":false},"excerpt":{"rendered":"<p>Em 1549, \u00c9tienne de La Bo\u00e9tie escreveu o Discurso da Servid\u00e3o Volunt\u00e1ria. Lembrou-nos que os grilh\u00f5es n\u00e3o s\u00e3o de ferro, mas de h\u00e1bito. Hoje, s\u00e9culos depois, os grilh\u00f5es mudaram de forma \u2014 chamam-se indiferen\u00e7a, discurso vazio, sil\u00eancio c\u00famplice. Na C\u00e2mara Municipal, vereadores alegam ignorar o aumento de crian\u00e7as autistas. N\u00e3o \u00e9 ignor\u00e2ncia. \u00c9 escolha. E &hellip;<\/p>\n<p class=\"read-more\"> <a class=\"\" href=\"https:\/\/quemcuidadocuidador.com.br\/index.php\/2025\/08\/16\/nao-e-desconhecimento-e-surdez-escolhida-nao-servirei\/\"> <span class=\"screen-reader-text\">\u201cN\u00e3o \u00e9 desconhecimento. \u00c9 surdez escolhida. N\u00e3o servirei.\u201d<\/span> Leia mais &raquo;<\/a><\/p>\n","protected":false},"author":2,"featured_media":1018,"comment_status":"open","ping_status":"open","sticky":false,"template":"","format":"standard","meta":{"om_disable_all_campaigns":false,"_monsterinsights_skip_tracking":false,"_monsterinsights_sitenote_active":false,"_monsterinsights_sitenote_note":"","_monsterinsights_sitenote_category":0,"site-sidebar-layout":"","site-content-layout":"","ast-main-header-display":"","ast-hfb-above-header-display":"","ast-hfb-below-header-display":"","ast-hfb-mobile-header-display":"","site-post-title":"","ast-breadcrumbs-content":"","ast-featured-img":"","footer-sml-layout":"","theme-transparent-header-meta":"","adv-header-id-meta":"","stick-header-meta":"","header-above-stick-meta":"","header-main-stick-meta":"","header-below-stick-meta":""},"categories":[5],"tags":[],"uagb_featured_image_src":{"full":["https:\/\/quemcuidadocuidador.com.br\/wp-content\/uploads\/2025\/08\/WhatsApp-Image-2025-08-16-at-08.45.59.jpeg",1024,1280,false],"thumbnail":["https:\/\/quemcuidadocuidador.com.br\/wp-content\/uploads\/2025\/08\/WhatsApp-Image-2025-08-16-at-08.45.59-150x150.jpeg",150,150,true],"medium":["https:\/\/quemcuidadocuidador.com.br\/wp-content\/uploads\/2025\/08\/WhatsApp-Image-2025-08-16-at-08.45.59-240x300.jpeg",240,300,true],"medium_large":["https:\/\/quemcuidadocuidador.com.br\/wp-content\/uploads\/2025\/08\/WhatsApp-Image-2025-08-16-at-08.45.59-768x960.jpeg",768,960,true],"large":["https:\/\/quemcuidadocuidador.com.br\/wp-content\/uploads\/2025\/08\/WhatsApp-Image-2025-08-16-at-08.45.59-819x1024.jpeg",819,1024,true],"1536x1536":["https:\/\/quemcuidadocuidador.com.br\/wp-content\/uploads\/2025\/08\/WhatsApp-Image-2025-08-16-at-08.45.59.jpeg",1024,1280,false],"2048x2048":["https:\/\/quemcuidadocuidador.com.br\/wp-content\/uploads\/2025\/08\/WhatsApp-Image-2025-08-16-at-08.45.59.jpeg",1024,1280,false]},"uagb_author_info":{"display_name":"Cicera A Feitosa","author_link":"https:\/\/quemcuidadocuidador.com.br\/index.php\/author\/cicera\/"},"uagb_comment_info":2,"uagb_excerpt":"Em 1549, \u00c9tienne de La Bo\u00e9tie escreveu o Discurso da Servid\u00e3o Volunt\u00e1ria. Lembrou-nos que os grilh\u00f5es n\u00e3o s\u00e3o de ferro, mas de h\u00e1bito. Hoje, s\u00e9culos depois, os grilh\u00f5es mudaram de forma \u2014 chamam-se indiferen\u00e7a, discurso vazio, sil\u00eancio c\u00famplice. Na C\u00e2mara Municipal, vereadores alegam ignorar o aumento de crian\u00e7as autistas. N\u00e3o \u00e9 ignor\u00e2ncia. \u00c9 escolha. E&hellip;","_links":{"self":[{"href":"https:\/\/quemcuidadocuidador.com.br\/index.php\/wp-json\/wp\/v2\/posts\/1017"}],"collection":[{"href":"https:\/\/quemcuidadocuidador.com.br\/index.php\/wp-json\/wp\/v2\/posts"}],"about":[{"href":"https:\/\/quemcuidadocuidador.com.br\/index.php\/wp-json\/wp\/v2\/types\/post"}],"author":[{"embeddable":true,"href":"https:\/\/quemcuidadocuidador.com.br\/index.php\/wp-json\/wp\/v2\/users\/2"}],"replies":[{"embeddable":true,"href":"https:\/\/quemcuidadocuidador.com.br\/index.php\/wp-json\/wp\/v2\/comments?post=1017"}],"version-history":[{"count":1,"href":"https:\/\/quemcuidadocuidador.com.br\/index.php\/wp-json\/wp\/v2\/posts\/1017\/revisions"}],"predecessor-version":[{"id":1019,"href":"https:\/\/quemcuidadocuidador.com.br\/index.php\/wp-json\/wp\/v2\/posts\/1017\/revisions\/1019"}],"wp:featuredmedia":[{"embeddable":true,"href":"https:\/\/quemcuidadocuidador.com.br\/index.php\/wp-json\/wp\/v2\/media\/1018"}],"wp:attachment":[{"href":"https:\/\/quemcuidadocuidador.com.br\/index.php\/wp-json\/wp\/v2\/media?parent=1017"}],"wp:term":[{"taxonomy":"category","embeddable":true,"href":"https:\/\/quemcuidadocuidador.com.br\/index.php\/wp-json\/wp\/v2\/categories?post=1017"},{"taxonomy":"post_tag","embeddable":true,"href":"https:\/\/quemcuidadocuidador.com.br\/index.php\/wp-json\/wp\/v2\/tags?post=1017"}],"curies":[{"name":"wp","href":"https:\/\/api.w.org\/{rel}","templated":true}]}}