{"id":1011,"date":"2025-08-09T08:24:58","date_gmt":"2025-08-09T12:24:58","guid":{"rendered":"https:\/\/quemcuidadocuidador.com.br\/?p=1011"},"modified":"2025-08-09T09:04:49","modified_gmt":"2025-08-09T13:04:49","slug":"o-que-nao-se-ve-no-brilho-das-habilidades-especiais","status":"publish","type":"post","link":"https:\/\/quemcuidadocuidador.com.br\/index.php\/2025\/08\/09\/o-que-nao-se-ve-no-brilho-das-habilidades-especiais\/","title":{"rendered":"O que n\u00e3o se v\u00ea no brilho das habilidades especiais"},"content":{"rendered":"\n<p>Quando se fala em autismo, a m\u00eddia e as redes sociais costumam destacar as hist\u00f3rias \u201cinspiradoras\u201d: jovens com habilidades extraordin\u00e1rias para c\u00e1lculos, m\u00fasica, programa\u00e7\u00e3o ou mem\u00f3ria fotogr\u00e1fica. S\u00e3o narrativas bonitas, mas perigosas \u2014 porque criam a falsa impress\u00e3o de que todo autista pode, ou deveria, ter um talento raro pronto para o mercado de trabalho.<\/p>\n\n\n\n<p>A realidade \u00e9 outra.<br>Para cada autista com uma habilidade especial valorizada, existem muitos outros que permanecem invis\u00edveis. Entre eles, o autista de <strong>suporte moderado<\/strong> \u2014 aquele que n\u00e3o vive de forma totalmente independente, que precisa de apoio constante para se organizar, se deslocar, comunicar-se em contextos mais complexos.<\/p>\n\n\n\n<p>Este autista n\u00e3o \u00e9 chamado para as vagas que buscam o \u201cdiferente genial\u201d.<br>N\u00e3o se encaixa nos programas que apostam na \u201cneurodiversidade produtiva\u201d como vitrine.<br>Muitas vezes, tamb\u00e9m n\u00e3o consegue passar pelas barreiras burocr\u00e1ticas para acessar o Benef\u00edcio de Presta\u00e7\u00e3o Continuada (BPC) \u2014 porque o laudo n\u00e3o \u201cprova\u201d incapacidade absoluta, ou porque o sistema n\u00e3o entende que <strong>limita\u00e7\u00e3o funcional n\u00e3o \u00e9 sin\u00f3nimo de inutilidade<\/strong>.<\/p>\n\n\n\n<p><strong>Resultado:<\/strong> sobra.<br>Sobra no mercado de trabalho.<br>Sobra nas pol\u00edticas p\u00fablicas.<br>Sobra at\u00e9 na narrativa social sobre o autismo, que prefere falar das exce\u00e7\u00f5es brilhantes.<\/p>\n\n\n\n<p>Mas ele n\u00e3o sobra porque tem menos valor \u2014 sobra porque o mundo ainda n\u00e3o se disp\u00f4s a incluir quem precisa de suporte cont\u00ednuo, sem transformar isso em peso ou caridade.<\/p>\n\n\n\n<p><strong>O que falta n\u00e3o \u00e9 talento \u2014 \u00e9 espa\u00e7o<\/strong><\/p>\n\n\n\n<p>O autista moderado n\u00e3o \u00e9 \u201cmenos capaz\u201d \u2014 \u00e9 capaz <strong>de outras formas, em outros tempos, com outras adapta\u00e7\u00f5es<\/strong>. A sociedade \u00e9 que ainda n\u00e3o se disp\u00f4s a criar esses espa\u00e7os e reconhecer essas formas.<\/p>\n\n\n\n<p>Com emprego adaptado, transporte acess\u00edvel, apoio social de verdade, capacita\u00e7\u00e3o adequada e acompanhamento profissional cont\u00ednuo, esse autista pode trabalhar, contribuir e transformar a pr\u00f3pria vida.<\/p>\n\n\n\n<p><strong>Propostas para criar vagas reais<\/strong><\/p>\n\n\n\n<ol type=\"1\"><li><strong>Tarefas segmentadas e ambientes previs\u00edveis<\/strong><ul><li>Organiza\u00e7\u00e3o de prateleiras em supermercados e farm\u00e1cias.<\/li><li>Separa\u00e7\u00e3o e etiquetagem de materiais em armaz\u00e9ns ou bibliotecas.<\/li><li>Montagem simples de kits de higiene, alimenta\u00e7\u00e3o ou brindes para programas sociais e eventos.<\/li><\/ul><\/li><li><strong>Mentoria de suporte cont\u00ednuo<\/strong><ul><li>Profissional intermedi\u00e1rio que acompanhe o trabalhador e ajude a resolver obst\u00e1culos di\u00e1rios no local de trabalho.<\/li><\/ul><\/li><li><strong>Adapta\u00e7\u00e3o de jornadas e processos<\/strong><ul><li>Hor\u00e1rios flex\u00edveis ou carga hor\u00e1ria reduzida.<\/li><li>Treinamentos curtos, repetitivos e visuais para cada fun\u00e7\u00e3o.<\/li><\/ul><\/li><li><strong>Capacita\u00e7\u00e3o funcional e profissional<\/strong><ul><li>Programas de aprendizagem para tarefas do dia a dia (arrumar a cama, cortar legumes, organiza\u00e7\u00e3o dom\u00e9stica) como base para a autonomia.<\/li><li>Oficinas de habilidades espec\u00edficas para o mercado de trabalho, como manuseio de ferramentas simples, atendimento b\u00e1sico ao cliente, rotinas de estoque e apoio administrativo.<\/li><li>Cursos modulares, com avalia\u00e7\u00e3o pr\u00e1tica e certifica\u00e7\u00e3o, que preparem para fun\u00e7\u00f5es concretas.<\/li><\/ul><\/li><li><strong>Incentivos fiscais e reconhecimento social<\/strong><ul><li>Benef\u00edcios para empresas que criem vagas adaptadas.<\/li><li>Selo de inclus\u00e3o para neg\u00f3cios que mantenham programas de empregabilidade para autistas moderados.<\/li><\/ul><\/li><li><strong>Capacita\u00e7\u00e3o da equipe receptora<\/strong><ul><li>Treinar gestores e colegas para intera\u00e7\u00f5es respeitosas, realistas e sem expectativas irreais de \u201csuper habilidades\u201d.<\/li><\/ul><\/li><\/ol>\n\n\n\n<p><strong>Estrutura e cora\u00e7\u00e3o<\/strong><\/p>\n\n\n\n<p>Pol\u00edticas p\u00fablicas constroem as portas. <strong>Sensibilidade \u00e9 o que garante que elas se abram.<\/strong><br>Leis e programas podem criar vagas e incentivos, mas \u00e9 a postura das pessoas \u2014 gestores, colegas, vizinhos, familiares \u2014 que decide se o autista moderado ser\u00e1 realmente inclu\u00eddo ou apenas tolerado. Sensibilidade, aqui, n\u00e3o \u00e9 pena: \u00e9 a capacidade de enxergar valor onde a pressa e o preconceito costumam ver limita\u00e7\u00e3o. \u00c9 oferecer tempo, escuta e espa\u00e7o para que cada potencial se revele.<\/p>\n\n\n\n<p><strong>Para fechar<\/strong><\/p>\n\n\n\n<p>Incluir n\u00e3o \u00e9 celebrar apenas o raro.<br><strong>Incluir \u00e9 abrir espa\u00e7o para todos.<\/strong><\/p>\n\n\n\n<p>Enquanto a inclus\u00e3o seguir sendo privil\u00e9gio de poucos, estaremos a confundir vitrine com transforma\u00e7\u00e3o. E o verdadeiro progresso s\u00f3 vir\u00e1 quando cada autista \u2014 com ou sem talentos extraordin\u00e1rios \u2014 encontrar no trabalho n\u00e3o um favor, mas o seu lugar.<\/p>\n","protected":false},"excerpt":{"rendered":"<p>Quando se fala em autismo, a m\u00eddia e as redes sociais costumam destacar as hist\u00f3rias \u201cinspiradoras\u201d: jovens com habilidades extraordin\u00e1rias para c\u00e1lculos, m\u00fasica, programa\u00e7\u00e3o ou mem\u00f3ria fotogr\u00e1fica. S\u00e3o narrativas bonitas, mas perigosas \u2014 porque criam a falsa impress\u00e3o de que todo autista pode, ou deveria, ter um talento raro pronto para o mercado de trabalho. &hellip;<\/p>\n<p class=\"read-more\"> <a class=\"\" href=\"https:\/\/quemcuidadocuidador.com.br\/index.php\/2025\/08\/09\/o-que-nao-se-ve-no-brilho-das-habilidades-especiais\/\"> <span class=\"screen-reader-text\">O que n\u00e3o se v\u00ea no brilho das habilidades especiais<\/span> Leia mais &raquo;<\/a><\/p>\n","protected":false},"author":2,"featured_media":1012,"comment_status":"open","ping_status":"open","sticky":false,"template":"","format":"standard","meta":{"om_disable_all_campaigns":false,"_monsterinsights_skip_tracking":false,"_monsterinsights_sitenote_active":false,"_monsterinsights_sitenote_note":"","_monsterinsights_sitenote_category":0,"site-sidebar-layout":"","site-content-layout":"","ast-main-header-display":"","ast-hfb-above-header-display":"","ast-hfb-below-header-display":"","ast-hfb-mobile-header-display":"","site-post-title":"","ast-breadcrumbs-content":"","ast-featured-img":"","footer-sml-layout":"","theme-transparent-header-meta":"","adv-header-id-meta":"","stick-header-meta":"","header-above-stick-meta":"","header-main-stick-meta":"","header-below-stick-meta":""},"categories":[5],"tags":[],"uagb_featured_image_src":{"full":["https:\/\/quemcuidadocuidador.com.br\/wp-content\/uploads\/2025\/08\/ChatGPT-Image-8-de-ago.-de-2025-16_06_47.png",1024,1024,false],"thumbnail":["https:\/\/quemcuidadocuidador.com.br\/wp-content\/uploads\/2025\/08\/ChatGPT-Image-8-de-ago.-de-2025-16_06_47-150x150.png",150,150,true],"medium":["https:\/\/quemcuidadocuidador.com.br\/wp-content\/uploads\/2025\/08\/ChatGPT-Image-8-de-ago.-de-2025-16_06_47-300x300.png",300,300,true],"medium_large":["https:\/\/quemcuidadocuidador.com.br\/wp-content\/uploads\/2025\/08\/ChatGPT-Image-8-de-ago.-de-2025-16_06_47-768x768.png",768,768,true],"large":["https:\/\/quemcuidadocuidador.com.br\/wp-content\/uploads\/2025\/08\/ChatGPT-Image-8-de-ago.-de-2025-16_06_47-1024x1024.png",1024,1024,true],"1536x1536":["https:\/\/quemcuidadocuidador.com.br\/wp-content\/uploads\/2025\/08\/ChatGPT-Image-8-de-ago.-de-2025-16_06_47.png",1024,1024,false],"2048x2048":["https:\/\/quemcuidadocuidador.com.br\/wp-content\/uploads\/2025\/08\/ChatGPT-Image-8-de-ago.-de-2025-16_06_47.png",1024,1024,false]},"uagb_author_info":{"display_name":"Cicera A Feitosa","author_link":"https:\/\/quemcuidadocuidador.com.br\/index.php\/author\/cicera\/"},"uagb_comment_info":2,"uagb_excerpt":"Quando se fala em autismo, a m\u00eddia e as redes sociais costumam destacar as hist\u00f3rias \u201cinspiradoras\u201d: jovens com habilidades extraordin\u00e1rias para c\u00e1lculos, m\u00fasica, programa\u00e7\u00e3o ou mem\u00f3ria fotogr\u00e1fica. S\u00e3o narrativas bonitas, mas perigosas \u2014 porque criam a falsa impress\u00e3o de que todo autista pode, ou deveria, ter um talento raro pronto para o mercado de trabalho.&hellip;","_links":{"self":[{"href":"https:\/\/quemcuidadocuidador.com.br\/index.php\/wp-json\/wp\/v2\/posts\/1011"}],"collection":[{"href":"https:\/\/quemcuidadocuidador.com.br\/index.php\/wp-json\/wp\/v2\/posts"}],"about":[{"href":"https:\/\/quemcuidadocuidador.com.br\/index.php\/wp-json\/wp\/v2\/types\/post"}],"author":[{"embeddable":true,"href":"https:\/\/quemcuidadocuidador.com.br\/index.php\/wp-json\/wp\/v2\/users\/2"}],"replies":[{"embeddable":true,"href":"https:\/\/quemcuidadocuidador.com.br\/index.php\/wp-json\/wp\/v2\/comments?post=1011"}],"version-history":[{"count":2,"href":"https:\/\/quemcuidadocuidador.com.br\/index.php\/wp-json\/wp\/v2\/posts\/1011\/revisions"}],"predecessor-version":[{"id":1015,"href":"https:\/\/quemcuidadocuidador.com.br\/index.php\/wp-json\/wp\/v2\/posts\/1011\/revisions\/1015"}],"wp:featuredmedia":[{"embeddable":true,"href":"https:\/\/quemcuidadocuidador.com.br\/index.php\/wp-json\/wp\/v2\/media\/1012"}],"wp:attachment":[{"href":"https:\/\/quemcuidadocuidador.com.br\/index.php\/wp-json\/wp\/v2\/media?parent=1011"}],"wp:term":[{"taxonomy":"category","embeddable":true,"href":"https:\/\/quemcuidadocuidador.com.br\/index.php\/wp-json\/wp\/v2\/categories?post=1011"},{"taxonomy":"post_tag","embeddable":true,"href":"https:\/\/quemcuidadocuidador.com.br\/index.php\/wp-json\/wp\/v2\/tags?post=1011"}],"curies":[{"name":"wp","href":"https:\/\/api.w.org\/{rel}","templated":true}]}}