{"id":1006,"date":"2025-08-02T05:13:13","date_gmt":"2025-08-02T09:13:13","guid":{"rendered":"https:\/\/quemcuidadocuidador.com.br\/?p=1006"},"modified":"2025-08-02T11:50:33","modified_gmt":"2025-08-02T15:50:33","slug":"um-lancamento-que-virou-ato-de-consciencia-autismo-e-a-forca-de-um-livro","status":"publish","type":"post","link":"https:\/\/quemcuidadocuidador.com.br\/index.php\/2025\/08\/02\/um-lancamento-que-virou-ato-de-consciencia-autismo-e-a-forca-de-um-livro\/","title":{"rendered":"Um Lan\u00e7amento que Virou Ato de Consci\u00eancia: Autismo e a For\u00e7a de um Livro"},"content":{"rendered":"\n<p>No dia 31 de julho, a Pra\u00e7a da Cavalhada, em C\u00e1ceres (MT), deixou de ser apenas cen\u00e1rio para se tornar s\u00edmbolo.<br>Ali, entre barracas, conversas e passos lentos, aconteceu o lan\u00e7amento do livro <em>Autismo: Uma Jornada de Conscientiza\u00e7\u00e3o<\/em>. Um evento simples \u2014 mas profundo.<br>Cada presen\u00e7a, cada olhar atento, cada palavra de apoio transformou aquela noite num ato coletivo de escuta.<\/p>\n\n\n\n<p>A feira s\u00f3 existe porque h\u00e1 quem a sustente com trabalho, presen\u00e7a e generosidade.<br>Obrigada a cada feirante que, com simplicidade e entrega, transforma um espa\u00e7o p\u00fablico em territ\u00f3rio de acolhimento.<\/p>\n\n\n\n<p>Um agradecimento especial \u00e0 artista Ana Paula Piveta, que levou \u00e0 pra\u00e7a suas tintas naturais \u2014 cores extra\u00eddas da terra, das plantas, do tempo.<br>Crian\u00e7as e adultos pararam diante daquela alquimia entre natureza e afeto, em sil\u00eancio. Encantados.<\/p>\n\n\n\n<p>Nem toda leitura \u00e9 feita com os olhos.<br>H\u00e1 livros que se leem com o corpo:<br>\u2014 m\u00e3os que j\u00e1 tremeram diante de um diagn\u00f3stico,<br>\u2014 p\u00e9s que conheceram corredores de hospital,<br>\u2014 um cora\u00e7\u00e3o que aprendeu a ser abrigo, mesmo sem saber como.<\/p>\n\n\n\n<p><em>Autismo: Uma Jornada de Conscientiza\u00e7\u00e3o<\/em> \u00e9 mais que um livro.<br>\u00c9 um territ\u00f3rio de escuta.<br>Um grito de lucidez no meio do ru\u00eddo.<br>Um mapa que come\u00e7a no susto \u2014 e pode levar ao florescimento.<\/p>\n\n\n\n<p><strong>Um livro, muitas vozes. Todas urgentes.<\/strong><\/p>\n\n\n\n<p><em>Autismo: Uma Jornada de Conscientiza\u00e7\u00e3o<\/em> foi organizado pela Dra. Marjorie Jasper e escrito por 50 coautores: m\u00e3es, pais, profissionais da sa\u00fade, educadores, terapeutas, advogados e ativistas.<\/p>\n\n\n\n<p>Cada cap\u00edtulo rompe o sil\u00eancio de alguma dor. Cada p\u00e1gina oferece um degrau para a a\u00e7\u00e3o.<\/p>\n\n\n\n<p>Eis alguns dos caminhos que o livro te convida a percorrer:<\/p>\n\n\n\n<p>\u2714\ufe0f Conhecer direitos legais que muitas fam\u00edlias ainda ignoram.<br>\u2714\ufe0f Ver como a escola pode ser ponte \u2014 ou muro.<br>\u2714\ufe0f Romper mitos que atrasam diagn\u00f3sticos e prolongam sofrimentos.<br>\u2714\ufe0f Compreender o impacto emocional sobre m\u00e3es e cuidadores.<br>\u2714\ufe0f Enxergar o desenvolvimento at\u00edpico com respeito e encantamento.<br>\u2714\ufe0f Lembrar que o autismo n\u00e3o termina na inf\u00e2ncia \u2014 e que adultos autistas tamb\u00e9m existem, sentem, contribuem.<\/p>\n\n\n\n<p><strong>Mais do que uma quest\u00e3o de lei \u2014 \u00e9 uma quest\u00e3o de vis\u00e3o.<\/strong><\/p>\n\n\n\n<p>A inclus\u00e3o de pessoas autistas no mercado de trabalho vai al\u00e9m de cumprir a Lei Brasileira de Inclus\u00e3o (13.146\/2015).<\/p>\n\n\n\n<p>Trata-se de enxergar talento onde antes s\u00f3 se via diferen\u00e7a.<\/p>\n\n\n\n<p>Cada contrata\u00e7\u00e3o n\u00e3o \u00e9 apenas um ato justo \u2014 \u00e9 uma oportunidade real de inova\u00e7\u00e3o.<\/p>\n\n\n\n<p>Empresas que apostam na neurodiversidade colhem resultados concretos:<\/p>\n\n\n\n<p>\u2714\ufe0f Ambientes mais humanos e criativos.<br>\u2714\ufe0f Equipes mais diversas \u2014 e mais inteligentes.<br>\u2714\ufe0f Solu\u00e7\u00f5es inesperadas para problemas antigos.<br>\u2714\ufe0f Reputa\u00e7\u00e3o institucional ancorada em valores, n\u00e3o em slogans.<\/p>\n\n\n\n<p>Incluir n\u00e3o \u00e9 caridade.<br>\u00c9 intelig\u00eancia de futuro.<\/p>\n\n\n\n<p><strong>Este livro n\u00e3o \u00e9 s\u00f3 para fam\u00edlias.<\/strong><\/p>\n\n\n\n<p>\ud83d\udcd8 <strong>Educadores:<\/strong> preparem-se para ser agentes reais de inclus\u00e3o.<\/p>\n\n\n\n<p>\ud83d\udcd8 <strong>Profissionais da sa\u00fade:<\/strong> cada protocolo atende uma crian\u00e7a real. E uma fam\u00edlia.<\/p>\n\n\n\n<p>\ud83d\udcd8 <strong>Legisladores e gestores p\u00fablicos:<\/strong> n\u00e3o se pode legislar de costas para quem vive o autismo no dia a dia.<\/p>\n\n\n\n<p>\ud83d\udcd8 <strong>Empres\u00e1rios:<\/strong> mais do que campanhas, \u00e9 hora de abrir portas \u2014 e ouvir.<\/p>\n\n\n\n<p>\ud83d\udcd8 <strong>Cidad\u00e3os atentos:<\/strong> se queres aprender com empatia, consci\u00eancia e verdade&#8230; bem-vindo.<\/p>\n\n\n\n<p>Este livro n\u00e3o promete milagres.<\/p>\n\n\n\n<p>Ele entrega algo maior: consci\u00eancia.<br>E a consci\u00eancia, quando bem usada, \u00e9 revolucion\u00e1ria.<\/p>\n\n\n\n<p>Leia. Compartilhe. Debata.<\/p>\n\n\n\n<p><em>Autismo: Uma Jornada de Conscientiza\u00e7\u00e3o<\/em> deveria estar em toda escola, toda biblioteca p\u00fablica, toda secretaria de educa\u00e7\u00e3o \u2014 e, acima de tudo, nas m\u00e3os de quem cuida.<\/p>\n","protected":false},"excerpt":{"rendered":"<p>No dia 31 de julho, a Pra\u00e7a da Cavalhada, em C\u00e1ceres (MT), deixou de ser apenas cen\u00e1rio para se tornar s\u00edmbolo.Ali, entre barracas, conversas e passos lentos, aconteceu o lan\u00e7amento do livro Autismo: Uma Jornada de Conscientiza\u00e7\u00e3o. Um evento simples \u2014 mas profundo.Cada presen\u00e7a, cada olhar atento, cada palavra de apoio transformou aquela noite num &hellip;<\/p>\n<p class=\"read-more\"> <a class=\"\" href=\"https:\/\/quemcuidadocuidador.com.br\/index.php\/2025\/08\/02\/um-lancamento-que-virou-ato-de-consciencia-autismo-e-a-forca-de-um-livro\/\"> <span class=\"screen-reader-text\">Um Lan\u00e7amento que Virou Ato de Consci\u00eancia: Autismo e a For\u00e7a de um Livro<\/span> Leia mais &raquo;<\/a><\/p>\n","protected":false},"author":2,"featured_media":1007,"comment_status":"open","ping_status":"open","sticky":false,"template":"","format":"standard","meta":{"om_disable_all_campaigns":false,"_monsterinsights_skip_tracking":false,"_monsterinsights_sitenote_active":false,"_monsterinsights_sitenote_note":"","_monsterinsights_sitenote_category":0,"site-sidebar-layout":"","site-content-layout":"","ast-main-header-display":"","ast-hfb-above-header-display":"","ast-hfb-below-header-display":"","ast-hfb-mobile-header-display":"","site-post-title":"","ast-breadcrumbs-content":"","ast-featured-img":"","footer-sml-layout":"","theme-transparent-header-meta":"","adv-header-id-meta":"","stick-header-meta":"","header-above-stick-meta":"","header-main-stick-meta":"","header-below-stick-meta":""},"categories":[5],"tags":[],"uagb_featured_image_src":{"full":["https:\/\/quemcuidadocuidador.com.br\/wp-content\/uploads\/2025\/08\/WhatsApp-Image-2025-08-02-at-05.03.27-scaled.jpeg",1440,2560,false],"thumbnail":["https:\/\/quemcuidadocuidador.com.br\/wp-content\/uploads\/2025\/08\/WhatsApp-Image-2025-08-02-at-05.03.27-150x150.jpeg",150,150,true],"medium":["https:\/\/quemcuidadocuidador.com.br\/wp-content\/uploads\/2025\/08\/WhatsApp-Image-2025-08-02-at-05.03.27-169x300.jpeg",169,300,true],"medium_large":["https:\/\/quemcuidadocuidador.com.br\/wp-content\/uploads\/2025\/08\/WhatsApp-Image-2025-08-02-at-05.03.27-768x1365.jpeg",768,1365,true],"large":["https:\/\/quemcuidadocuidador.com.br\/wp-content\/uploads\/2025\/08\/WhatsApp-Image-2025-08-02-at-05.03.27-576x1024.jpeg",576,1024,true],"1536x1536":["https:\/\/quemcuidadocuidador.com.br\/wp-content\/uploads\/2025\/08\/WhatsApp-Image-2025-08-02-at-05.03.27-864x1536.jpeg",864,1536,true],"2048x2048":["https:\/\/quemcuidadocuidador.com.br\/wp-content\/uploads\/2025\/08\/WhatsApp-Image-2025-08-02-at-05.03.27-1152x2048.jpeg",1152,2048,true]},"uagb_author_info":{"display_name":"Cicera A Feitosa","author_link":"https:\/\/quemcuidadocuidador.com.br\/index.php\/author\/cicera\/"},"uagb_comment_info":2,"uagb_excerpt":"No dia 31 de julho, a Pra\u00e7a da Cavalhada, em C\u00e1ceres (MT), deixou de ser apenas cen\u00e1rio para se tornar s\u00edmbolo.Ali, entre barracas, conversas e passos lentos, aconteceu o lan\u00e7amento do livro Autismo: Uma Jornada de Conscientiza\u00e7\u00e3o. Um evento simples \u2014 mas profundo.Cada presen\u00e7a, cada olhar atento, cada palavra de apoio transformou aquela noite num&hellip;","_links":{"self":[{"href":"https:\/\/quemcuidadocuidador.com.br\/index.php\/wp-json\/wp\/v2\/posts\/1006"}],"collection":[{"href":"https:\/\/quemcuidadocuidador.com.br\/index.php\/wp-json\/wp\/v2\/posts"}],"about":[{"href":"https:\/\/quemcuidadocuidador.com.br\/index.php\/wp-json\/wp\/v2\/types\/post"}],"author":[{"embeddable":true,"href":"https:\/\/quemcuidadocuidador.com.br\/index.php\/wp-json\/wp\/v2\/users\/2"}],"replies":[{"embeddable":true,"href":"https:\/\/quemcuidadocuidador.com.br\/index.php\/wp-json\/wp\/v2\/comments?post=1006"}],"version-history":[{"count":2,"href":"https:\/\/quemcuidadocuidador.com.br\/index.php\/wp-json\/wp\/v2\/posts\/1006\/revisions"}],"predecessor-version":[{"id":1010,"href":"https:\/\/quemcuidadocuidador.com.br\/index.php\/wp-json\/wp\/v2\/posts\/1006\/revisions\/1010"}],"wp:featuredmedia":[{"embeddable":true,"href":"https:\/\/quemcuidadocuidador.com.br\/index.php\/wp-json\/wp\/v2\/media\/1007"}],"wp:attachment":[{"href":"https:\/\/quemcuidadocuidador.com.br\/index.php\/wp-json\/wp\/v2\/media?parent=1006"}],"wp:term":[{"taxonomy":"category","embeddable":true,"href":"https:\/\/quemcuidadocuidador.com.br\/index.php\/wp-json\/wp\/v2\/categories?post=1006"},{"taxonomy":"post_tag","embeddable":true,"href":"https:\/\/quemcuidadocuidador.com.br\/index.php\/wp-json\/wp\/v2\/tags?post=1006"}],"curies":[{"name":"wp","href":"https:\/\/api.w.org\/{rel}","templated":true}]}}