{"id":1002,"date":"2025-07-25T08:38:16","date_gmt":"2025-07-25T12:38:16","guid":{"rendered":"https:\/\/quemcuidadocuidador.com.br\/?p=1002"},"modified":"2025-07-25T08:38:17","modified_gmt":"2025-07-25T12:38:17","slug":"entre-silencios-e-vozes-o-que-ecoou-na-5a-conferencia-das-mulheres-de-caceres-mt","status":"publish","type":"post","link":"https:\/\/quemcuidadocuidador.com.br\/index.php\/2025\/07\/25\/entre-silencios-e-vozes-o-que-ecoou-na-5a-conferencia-das-mulheres-de-caceres-mt\/","title":{"rendered":"Entre Sil\u00eancios e Vozes: o que ecoou na 5\u00aa Confer\u00eancia das Mulheres de C\u00e1ceres-MT"},"content":{"rendered":"\n<p>Em C\u00e1ceres, as vozes se reuniram.<br>Mulheres diversas, inteiras, partidas e inteiras de novo \u2014<br>rompendo o sil\u00eancio hist\u00f3rico que tantas vezes lhes foi imposto.<\/p>\n\n\n\n<p>Foi na 5\u00aa Confer\u00eancia Municipal de Pol\u00edticas P\u00fablicas para as Mulheres que o que era vivido em cal\u00e7adas, corredores de hospital, cozinhas, filas de espera e salas de espera\u2026 finalmente encontrou lugar de fala, de escuta e de proposi\u00e7\u00e3o.<\/p>\n\n\n\n<p>Ali, falou-se de <strong>g\u00eanero<\/strong> com coragem \u2014 e com consci\u00eancia de que g\u00eanero <strong>n\u00e3o exclui<\/strong>:<br><em>inclui todas<\/em> as mulheres \u2014 negras, brancas, ind\u00edgenas, trans, l\u00e9sbicas, m\u00e3es, filhas, cuidadoras, trabalhadoras.<br>Inclui as que choram em sil\u00eancio e as que gritam por justi\u00e7a.<br>Inclui as que a sociedade insiste em deixar \u00e0 margem.<\/p>\n\n\n\n<p>Uma das pautas mais urgentes:<br><strong>a Delegacia da Mulher precisa funcionar 24 horas<\/strong>.<br>Porque a viol\u00eancia n\u00e3o tem expediente.<br>Porque muitas s\u00f3 conseguem denunciar quando o agressor dorme.<br>E, mesmo assim, ainda enfrentam o segundo golpe:<br>o da desconfian\u00e7a, o do despreparo, o da revitimiza\u00e7\u00e3o.<\/p>\n\n\n\n<p>Reivindicou-se ali tamb\u00e9m o direito a um <strong>acolhimento mais humanizado<\/strong> \u2014<br>onde a mulher, ao denunciar, n\u00e3o precise implorar para ser acreditada,<br>nem voltar para casa com as m\u00e3os vazias e a alma quebrada.<\/p>\n\n\n\n<p>Foi levantada a proposta de que <strong>seja garantido, no ato da den\u00fancia, um valor inicial de pens\u00e3o<\/strong> para os filhos.<br>Um valor que assegure o m\u00ednimo para seguir \u2014<br>e que possa ser revisto depois.<br>Porque o amanh\u00e3 come\u00e7a no prato de hoje.<\/p>\n\n\n\n<p>E para que esse amanh\u00e3 exista, \u00e9 preciso um <strong>fundo de amparo<\/strong> \u2014<br>um projeto concreto que d\u00ea a essa mulher condi\u00e7\u00f5es reais de sobreviver,<br>de sair de casa sem voltar para a rua,<br>de romper com a viol\u00eancia sem cair no abismo da pobreza.<\/p>\n\n\n\n<p>Falou-se, com firmeza, das <strong>diferentes formas de coer\u00e7\u00e3o e manipula\u00e7\u00e3o<\/strong>.<br>Porque a viol\u00eancia n\u00e3o \u00e9 s\u00f3 o tapa.<br>\u00c9 o controle financeiro.<br>\u00c9 o gaslighting.<br>\u00c9 o isolamento.<br>\u00c9 o medo disfar\u00e7ado de prote\u00e7\u00e3o.<\/p>\n\n\n\n<p>Reconheceu-se que <strong>o preconceito tamb\u00e9m tem grada\u00e7\u00f5es<\/strong>:<br>Ser mulher j\u00e1 \u00e9 dif\u00edcil.<br>Ser mulher e negra, mais ainda.<br>Ser mulher, negra e LGBT, \u00e9 viver na interse\u00e7\u00e3o mais negligenciada da pol\u00edtica p\u00fablica.<br>E isso precisa mudar.<\/p>\n\n\n\n<p>Por isso, foi defendido o <strong>letramento de g\u00eanero<\/strong> \u2014<br>n\u00e3o como bandeira ideol\u00f3gica, mas como <strong>ferramenta de emancipa\u00e7\u00e3o<\/strong>.<br>Para que a mulher compreenda os mecanismos que a silenciam,<br>e possa, com consci\u00eancia, romper com eles.<\/p>\n\n\n\n<p>Tamb\u00e9m se falou da dor que adoece em sil\u00eancio:<br>o c\u00e2ncer.<br>Doen\u00e7a que atravessa o corpo de milhares de mulheres em C\u00e1ceres e no Brasil,<br>e que exige mais do que tratamento \u2014<br>exige <strong>preven\u00e7\u00e3o, cuidado, dignidade e recurso p\u00fablico.<\/strong><\/p>\n\n\n\n<p>Entre uma fala e outra, entre as l\u00e1grimas contidas e os aplausos merecidos,<br>ficou clara uma certeza:<\/p>\n\n\n\n<p><strong>Pol\u00edtica p\u00fablica se faz com escuta.<\/strong><br>Com dados, sim \u2014 mas tamb\u00e9m com hist\u00f3rias.<br>Com or\u00e7amentos \u2014 mas tamb\u00e9m com corpos presentes, vivos, exigindo exist\u00eancia digna.<\/p>\n\n\n\n<p>A 5\u00aa Confer\u00eancia n\u00e3o foi s\u00f3 um evento.<br>Foi um espelho para a cidade.<br>E um grito coletivo dizendo:<br><em>N\u00f3s estamos aqui.<br>E n\u00e3o vamos mais aceitar caladas.<\/em><\/p>\n","protected":false},"excerpt":{"rendered":"<p>Em C\u00e1ceres, as vozes se reuniram.Mulheres diversas, inteiras, partidas e inteiras de novo \u2014rompendo o sil\u00eancio hist\u00f3rico que tantas vezes lhes foi imposto. Foi na 5\u00aa Confer\u00eancia Municipal de Pol\u00edticas P\u00fablicas para as Mulheres que o que era vivido em cal\u00e7adas, corredores de hospital, cozinhas, filas de espera e salas de espera\u2026 finalmente encontrou lugar &hellip;<\/p>\n<p class=\"read-more\"> <a class=\"\" href=\"https:\/\/quemcuidadocuidador.com.br\/index.php\/2025\/07\/25\/entre-silencios-e-vozes-o-que-ecoou-na-5a-conferencia-das-mulheres-de-caceres-mt\/\"> <span class=\"screen-reader-text\">Entre Sil\u00eancios e Vozes: o que ecoou na 5\u00aa Confer\u00eancia das Mulheres de C\u00e1ceres-MT<\/span> Leia mais &raquo;<\/a><\/p>\n","protected":false},"author":2,"featured_media":1003,"comment_status":"open","ping_status":"open","sticky":false,"template":"","format":"standard","meta":{"om_disable_all_campaigns":false,"_monsterinsights_skip_tracking":false,"_monsterinsights_sitenote_active":false,"_monsterinsights_sitenote_note":"","_monsterinsights_sitenote_category":0,"site-sidebar-layout":"","site-content-layout":"","ast-main-header-display":"","ast-hfb-above-header-display":"","ast-hfb-below-header-display":"","ast-hfb-mobile-header-display":"","site-post-title":"","ast-breadcrumbs-content":"","ast-featured-img":"","footer-sml-layout":"","theme-transparent-header-meta":"","adv-header-id-meta":"","stick-header-meta":"","header-above-stick-meta":"","header-main-stick-meta":"","header-below-stick-meta":""},"categories":[5],"tags":[],"uagb_featured_image_src":{"full":["https:\/\/quemcuidadocuidador.com.br\/wp-content\/uploads\/2025\/07\/WhatsApp-Image-2025-07-24-at-13.54.31-scaled.jpeg",2560,1920,false],"thumbnail":["https:\/\/quemcuidadocuidador.com.br\/wp-content\/uploads\/2025\/07\/WhatsApp-Image-2025-07-24-at-13.54.31-150x150.jpeg",150,150,true],"medium":["https:\/\/quemcuidadocuidador.com.br\/wp-content\/uploads\/2025\/07\/WhatsApp-Image-2025-07-24-at-13.54.31-300x225.jpeg",300,225,true],"medium_large":["https:\/\/quemcuidadocuidador.com.br\/wp-content\/uploads\/2025\/07\/WhatsApp-Image-2025-07-24-at-13.54.31-768x576.jpeg",768,576,true],"large":["https:\/\/quemcuidadocuidador.com.br\/wp-content\/uploads\/2025\/07\/WhatsApp-Image-2025-07-24-at-13.54.31-1024x768.jpeg",1024,768,true],"1536x1536":["https:\/\/quemcuidadocuidador.com.br\/wp-content\/uploads\/2025\/07\/WhatsApp-Image-2025-07-24-at-13.54.31-1536x1152.jpeg",1536,1152,true],"2048x2048":["https:\/\/quemcuidadocuidador.com.br\/wp-content\/uploads\/2025\/07\/WhatsApp-Image-2025-07-24-at-13.54.31-2048x1536.jpeg",2048,1536,true]},"uagb_author_info":{"display_name":"Cicera A Feitosa","author_link":"https:\/\/quemcuidadocuidador.com.br\/index.php\/author\/cicera\/"},"uagb_comment_info":1,"uagb_excerpt":"Em C\u00e1ceres, as vozes se reuniram.Mulheres diversas, inteiras, partidas e inteiras de novo \u2014rompendo o sil\u00eancio hist\u00f3rico que tantas vezes lhes foi imposto. Foi na 5\u00aa Confer\u00eancia Municipal de Pol\u00edticas P\u00fablicas para as Mulheres que o que era vivido em cal\u00e7adas, corredores de hospital, cozinhas, filas de espera e salas de espera\u2026 finalmente encontrou lugar&hellip;","_links":{"self":[{"href":"https:\/\/quemcuidadocuidador.com.br\/index.php\/wp-json\/wp\/v2\/posts\/1002"}],"collection":[{"href":"https:\/\/quemcuidadocuidador.com.br\/index.php\/wp-json\/wp\/v2\/posts"}],"about":[{"href":"https:\/\/quemcuidadocuidador.com.br\/index.php\/wp-json\/wp\/v2\/types\/post"}],"author":[{"embeddable":true,"href":"https:\/\/quemcuidadocuidador.com.br\/index.php\/wp-json\/wp\/v2\/users\/2"}],"replies":[{"embeddable":true,"href":"https:\/\/quemcuidadocuidador.com.br\/index.php\/wp-json\/wp\/v2\/comments?post=1002"}],"version-history":[{"count":1,"href":"https:\/\/quemcuidadocuidador.com.br\/index.php\/wp-json\/wp\/v2\/posts\/1002\/revisions"}],"predecessor-version":[{"id":1004,"href":"https:\/\/quemcuidadocuidador.com.br\/index.php\/wp-json\/wp\/v2\/posts\/1002\/revisions\/1004"}],"wp:featuredmedia":[{"embeddable":true,"href":"https:\/\/quemcuidadocuidador.com.br\/index.php\/wp-json\/wp\/v2\/media\/1003"}],"wp:attachment":[{"href":"https:\/\/quemcuidadocuidador.com.br\/index.php\/wp-json\/wp\/v2\/media?parent=1002"}],"wp:term":[{"taxonomy":"category","embeddable":true,"href":"https:\/\/quemcuidadocuidador.com.br\/index.php\/wp-json\/wp\/v2\/categories?post=1002"},{"taxonomy":"post_tag","embeddable":true,"href":"https:\/\/quemcuidadocuidador.com.br\/index.php\/wp-json\/wp\/v2\/tags?post=1002"}],"curies":[{"name":"wp","href":"https:\/\/api.w.org\/{rel}","templated":true}]}}